{"id":7729,"date":"2026-04-27T21:04:34","date_gmt":"2026-04-28T00:04:34","guid":{"rendered":"https:\/\/rbcc.net.br\/wp\/tce-sc-suspende-de-forma-cautelar-liberacao-de-novos-trechos-da-sc-401\/"},"modified":"2026-04-27T21:04:34","modified_gmt":"2026-04-28T00:04:34","slug":"tce-sc-suspende-de-forma-cautelar-liberacao-de-novos-trechos-da-sc-401","status":"publish","type":"post","link":"https:\/\/rbcc.net.br\/wp\/tce-sc-suspende-de-forma-cautelar-liberacao-de-novos-trechos-da-sc-401\/","title":{"rendered":"TCE\/SC suspende, de forma cautelar, libera\u00e7\u00e3o de novos trechos da SC-401"},"content":{"rendered":"<p><\/p>\n<div>\n<p>O Tribunal de Contas de Santa Catarina (TCE\/SC) determinou, de forma cautelar, que n\u00e3o haja a libera\u00e7\u00e3o de novos trechos da terceira faixa da Rodovia SC-401, liga\u00e7\u00e3o entre a \u00e1rea central e o Norte da Ilha de Santa Catarina, em Florian\u00f3polis, sem a necess\u00e1ria seguran\u00e7a vi\u00e1ria. A decis\u00e3o\u00a0foi\u00a0publicada no Di\u00e1rio Oficial Eletr\u00f4nico (DOTC-e) desta sexta-feira (24\/4)\u00a0e\u00a0alerta os respons\u00e1veis para que seja feita a imediata adequa\u00e7\u00e3o da sinaliza\u00e7\u00e3o nos trechos em obras e\u00a0o bloqueio de trechos que estejam em desacordo com as normas de seguran\u00e7a vi\u00e1ria.\u00a0\u201c\u00c9 um alerta\u00a0dos\u00a0riscos\u00a0\u00e0 vida dos usu\u00e1rios e de danos ao er\u00e1rio por execu\u00e7\u00f5es de obras em desacordo com os projetos ou normas t\u00e9cnicas, al\u00e9m do risco de futuras a\u00e7\u00f5es de responsabiliza\u00e7\u00e3o contra o Estado de Santa Catarina em raz\u00e3o da libera\u00e7\u00e3o de tr\u00e1fego em trechos rodovi\u00e1rios que n\u00e3o atendem \u00e0s normas de seguran\u00e7a vi\u00e1ria\u201d, explica a decis\u00e3o, que tem como relator o conselheiro Wilson\u00a0Wan-Dall.<\/p>\n<p>(<a href=\"https:\/\/www.tcesc.tc.br\/tcesc-suspende-de-forma-cautelar-liberacao-de-novos-trechos-da-sc-401\" target=\"_blank\" rel=\"noopener\">Confira a mat\u00e9ria completa em TCE\/SC<\/a>, 27\/04\/2026)<\/p>\n<hr style=\"border: none; height: 1px; background-color: #cecece; margin-bottom: 20px;\"\/>\n<p><span class=\"time\">Publicado em  27 abril de 2026<br \/>\n<\/span><\/p>\n<\/p><\/div>\n<p>fonte <a href=\"https:\/\/floripamanha.org\/2026\/04\/tce-sc-suspende-de-forma-cautelar-liberacao-de-novos-trechos-da-sc-401\/\">https:\/\/floripamanha.org\/2026\/04\/tce-sc-suspende-de-forma-cautelar-liberacao-de-novos-trechos-da-sc-401\/<\/a><\/p>\n","protected":false},"excerpt":{"rendered":"<p>O Tribunal de Contas de Santa Catarina (TCE\/SC) determinou, de forma cautelar, que n\u00e3o haja a libera\u00e7\u00e3o de novos trechos da terceira faixa da Rodovia SC-401, liga\u00e7\u00e3o entre a \u00e1rea central e o Norte da Ilha de Santa Catarina, em Florian\u00f3polis, sem a necess\u00e1ria seguran\u00e7a vi\u00e1ria. A decis\u00e3o\u00a0foi\u00a0publicada no Di\u00e1rio Oficial Eletr\u00f4nico (DOTC-e) desta sexta-feira (24\/4)\u00a0e\u00a0alerta os respons\u00e1veis para que seja feita a imediata adequa\u00e7\u00e3o da sinaliza\u00e7\u00e3o nos trechos em obras e\u00a0o bloqueio de trechos que estejam em desacordo com as normas de seguran\u00e7a vi\u00e1ria.\u00a0\u201c\u00c9 um alerta\u00a0dos\u00a0riscos\u00a0\u00e0 vida dos usu\u00e1rios e de danos ao er\u00e1rio por execu\u00e7\u00f5es de obras em desacordo com os projetos ou normas t\u00e9cnicas, al\u00e9m do risco de futuras a\u00e7\u00f5es de responsabiliza\u00e7\u00e3o contra o Estado de Santa Catarina em raz\u00e3o da libera\u00e7\u00e3o de tr\u00e1fego em trechos rodovi\u00e1rios que n\u00e3o atendem \u00e0s normas de seguran\u00e7a vi\u00e1ria\u201d, explica a decis\u00e3o, que tem como relator o conselheiro Wilson\u00a0Wan-Dall. (Confira a mat\u00e9ria completa em TCE\/SC, 27\/04\/2026) Publicado em 27 abril de 2026 fonte https:\/\/floripamanha.org\/2026\/04\/tce-sc-suspende-de-forma-cautelar-liberacao-de-novos-trechos-da-sc-401\/<\/p>\n","protected":false},"author":1,"featured_media":0,"comment_status":"","ping_status":"open","sticky":false,"template":"","format":"standard","meta":{"_joinchat":[],"footnotes":""},"categories":[8342],"tags":[],"class_list":["post-7729","post","type-post","status-publish","format-standard","hentry","category-not_economia_criativa"],"_links":{"self":[{"href":"https:\/\/rbcc.net.br\/wp\/wp-json\/wp\/v2\/posts\/7729","targetHints":{"allow":["GET"]}}],"collection":[{"href":"https:\/\/rbcc.net.br\/wp\/wp-json\/wp\/v2\/posts"}],"about":[{"href":"https:\/\/rbcc.net.br\/wp\/wp-json\/wp\/v2\/types\/post"}],"author":[{"embeddable":true,"href":"https:\/\/rbcc.net.br\/wp\/wp-json\/wp\/v2\/users\/1"}],"replies":[{"embeddable":true,"href":"https:\/\/rbcc.net.br\/wp\/wp-json\/wp\/v2\/comments?post=7729"}],"version-history":[{"count":0,"href":"https:\/\/rbcc.net.br\/wp\/wp-json\/wp\/v2\/posts\/7729\/revisions"}],"wp:attachment":[{"href":"https:\/\/rbcc.net.br\/wp\/wp-json\/wp\/v2\/media?parent=7729"}],"wp:term":[{"taxonomy":"category","embeddable":true,"href":"https:\/\/rbcc.net.br\/wp\/wp-json\/wp\/v2\/categories?post=7729"},{"taxonomy":"post_tag","embeddable":true,"href":"https:\/\/rbcc.net.br\/wp\/wp-json\/wp\/v2\/tags?post=7729"}],"curies":[{"name":"wp","href":"https:\/\/api.w.org\/{rel}","templated":true}]}}