{"id":7342,"date":"2026-04-10T16:39:06","date_gmt":"2026-04-10T19:39:06","guid":{"rendered":"https:\/\/rbcc.net.br\/wp\/audiencia-expoe-impasses-na-obra-da-sc-401\/"},"modified":"2026-04-10T16:39:06","modified_gmt":"2026-04-10T19:39:06","slug":"audiencia-expoe-impasses-na-obra-da-sc-401","status":"publish","type":"post","link":"https:\/\/rbcc.net.br\/wp\/audiencia-expoe-impasses-na-obra-da-sc-401\/","title":{"rendered":"Audi\u00eancia exp\u00f5e impasses na obra da SC-401"},"content":{"rendered":"<p><\/p>\n<div>\n<p>A amplia\u00e7\u00e3o da SC-401, principal liga\u00e7\u00e3o entre o Centro e o Norte da Ilha, voltou a ser debatida em Florian\u00f3polis. Em audi\u00eancia p\u00fablica realizada na noite de quarta-feira (8), na Assembleia Legislativa de Santa Catarina (Alesc), moradores, especialistas e representantes do governo discutiram os impactos da obra de triplica\u00e7\u00e3o, com foco em drenagem e mobilidade.<\/p>\n<p>O encontro foi promovido pela Comiss\u00e3o de Transportes, Desenvolvimento Urbano e Infraestrutura, por solicita\u00e7\u00e3o do deputado Marquito (Psol), e deu continuidade a discuss\u00f5es iniciadas no ano passado.<\/p>\n<p><strong>Demandas ainda sem solu\u00e7\u00e3o<\/strong><\/p>\n<p>Esta foi a segunda audi\u00eancia sobre o tema. De acordo com o parlamentar, quest\u00f5es levantadas anteriormente seguem pendentes, como melhorias na drenagem, implanta\u00e7\u00e3o de ciclovias, cria\u00e7\u00e3o de faixa exclusiva para \u00f4nibus e seguran\u00e7a para moradores durante as obras.<\/p>\n<p>A preocupa\u00e7\u00e3o \u00e9 evitar que a interven\u00e7\u00e3o aumente os transtornos j\u00e1 enfrentados pela popula\u00e7\u00e3o.<\/p>\n<p>(<a href=\"https:\/\/imagemdailha.com.br\/noticias\/cidade\/audiencia-expoe-impasses-na-obra-da-sc-401.html\" target=\"_blank\" rel=\"noopener\">Confira a mat\u00e9ria completa em Portal Imagem da Ilha<\/a>, 10\/04\/2026)<\/p>\n<hr style=\"border: none; height: 1px; background-color: #cecece; margin-bottom: 20px;\"\/>\n<p><span class=\"time\">Publicado em  10 abril de 2026<br \/>\n<\/span><\/p>\n<\/p><\/div>\n<p>fonte <a href=\"https:\/\/floripamanha.org\/2026\/04\/audiencia-expoe-impasses-na-obra-da-sc-401\/\">https:\/\/floripamanha.org\/2026\/04\/audiencia-expoe-impasses-na-obra-da-sc-401\/<\/a><\/p>\n","protected":false},"excerpt":{"rendered":"<p>A amplia\u00e7\u00e3o da SC-401, principal liga\u00e7\u00e3o entre o Centro e o Norte da Ilha, voltou a ser debatida em Florian\u00f3polis. Em audi\u00eancia p\u00fablica realizada na noite de quarta-feira (8), na Assembleia Legislativa de Santa Catarina (Alesc), moradores, especialistas e representantes do governo discutiram os impactos da obra de triplica\u00e7\u00e3o, com foco em drenagem e mobilidade. O encontro foi promovido pela Comiss\u00e3o de Transportes, Desenvolvimento Urbano e Infraestrutura, por solicita\u00e7\u00e3o do deputado Marquito (Psol), e deu continuidade a discuss\u00f5es iniciadas no ano passado. Demandas ainda sem solu\u00e7\u00e3o Esta foi a segunda audi\u00eancia sobre o tema. De acordo com o parlamentar, quest\u00f5es levantadas anteriormente seguem pendentes, como melhorias na drenagem, implanta\u00e7\u00e3o de ciclovias, cria\u00e7\u00e3o de faixa exclusiva para \u00f4nibus e seguran\u00e7a para moradores durante as obras. A preocupa\u00e7\u00e3o \u00e9 evitar que a interven\u00e7\u00e3o aumente os transtornos j\u00e1 enfrentados pela popula\u00e7\u00e3o. (Confira a mat\u00e9ria completa em Portal Imagem da Ilha, 10\/04\/2026) Publicado em 10 abril de 2026 fonte https:\/\/floripamanha.org\/2026\/04\/audiencia-expoe-impasses-na-obra-da-sc-401\/<\/p>\n","protected":false},"author":1,"featured_media":0,"comment_status":"","ping_status":"open","sticky":false,"template":"","format":"standard","meta":{"_joinchat":[],"footnotes":""},"categories":[8342],"tags":[],"class_list":["post-7342","post","type-post","status-publish","format-standard","hentry","category-not_economia_criativa"],"_links":{"self":[{"href":"https:\/\/rbcc.net.br\/wp\/wp-json\/wp\/v2\/posts\/7342","targetHints":{"allow":["GET"]}}],"collection":[{"href":"https:\/\/rbcc.net.br\/wp\/wp-json\/wp\/v2\/posts"}],"about":[{"href":"https:\/\/rbcc.net.br\/wp\/wp-json\/wp\/v2\/types\/post"}],"author":[{"embeddable":true,"href":"https:\/\/rbcc.net.br\/wp\/wp-json\/wp\/v2\/users\/1"}],"replies":[{"embeddable":true,"href":"https:\/\/rbcc.net.br\/wp\/wp-json\/wp\/v2\/comments?post=7342"}],"version-history":[{"count":0,"href":"https:\/\/rbcc.net.br\/wp\/wp-json\/wp\/v2\/posts\/7342\/revisions"}],"wp:attachment":[{"href":"https:\/\/rbcc.net.br\/wp\/wp-json\/wp\/v2\/media?parent=7342"}],"wp:term":[{"taxonomy":"category","embeddable":true,"href":"https:\/\/rbcc.net.br\/wp\/wp-json\/wp\/v2\/categories?post=7342"},{"taxonomy":"post_tag","embeddable":true,"href":"https:\/\/rbcc.net.br\/wp\/wp-json\/wp\/v2\/tags?post=7342"}],"curies":[{"name":"wp","href":"https:\/\/api.w.org\/{rel}","templated":true}]}}