{"id":7335,"date":"2026-04-10T15:03:58","date_gmt":"2026-04-10T18:03:58","guid":{"rendered":"https:\/\/rbcc.net.br\/wp\/prefeitura-de-florianopolis-estuda-volta-dos-radares-na-avenida-beira-mar-norte\/"},"modified":"2026-04-10T15:03:58","modified_gmt":"2026-04-10T18:03:58","slug":"prefeitura-de-florianopolis-estuda-volta-dos-radares-na-avenida-beira-mar-norte","status":"publish","type":"post","link":"https:\/\/rbcc.net.br\/wp\/prefeitura-de-florianopolis-estuda-volta-dos-radares-na-avenida-beira-mar-norte\/","title":{"rendered":"Prefeitura de Florian\u00f3polis estuda volta dos radares na Avenida Beira-Mar Norte"},"content":{"rendered":"<p><\/p>\n<div>\n<p>Da Coluna de Renato Igor (<a href=\"https:\/\/www.nsctotal.com.br\/colunistas\/renato-igor\/prefeitura-de-florianopolis-estuda-volta-dos-radares-na-avenida-beira-mar-norte\" target=\"_blank\" rel=\"noopener\">NSC<\/a>, 10\/04\/2026)<\/p>\n<p>A Prefeitura de Florian\u00f3polis estuda a retomada dos radares na Avenida Beira-Mar Norte. A informa\u00e7\u00e3o foi revelada pelo secret\u00e1rio municipal de Infraestrutura e Manuten\u00e7\u00e3o, Rafael Hahne, ap\u00f3s a queda de um ve\u00edculo no mar, registrada na manh\u00e3 de quinta-feira (9). Na ocorr\u00eancia, n\u00e3o houve feridos graves.<\/p>\n<p>O secret\u00e1rio descartou a instala\u00e7\u00e3o de guard-rail no trecho. Segundo ele, por se tratar de uma via reta, esse tipo de acidente \u00e9 raro no local \u2014 diferentemente do que ocorre na curva pr\u00f3xima ao Hotel Slaviero Ba\u00eda Norte, onde h\u00e1 equipamento de prote\u00e7\u00e3o. Em novembro de 2002, ap\u00f3s o acidente que resultou na morte do jogador de futebol Mahicon Librelato, o guard-rail foi instalado naquele ponto.<\/p>\n<p>Ainda n\u00e3o h\u00e1 prazo para a conclus\u00e3o dos estudos internos da prefeitura sobre a poss\u00edvel volta dos radares fixos na Beira-Mar Norte.<\/p>\n<p>Outra possibilidade em an\u00e1lise \u00e9 a redu\u00e7\u00e3o do limite de velocidade, dos atuais 80 km\/h para 60 km\/h. A proposta consta no projeto de revitaliza\u00e7\u00e3o do Centro elaborado pelo escrit\u00f3rio dinamarqu\u00eas Gehl Architects, em parceria com o Laborat\u00f3rio de Urbanismo e Arquitetura (LUA), em iniciativa financiada pela Acif e pela CDL Florian\u00f3polis.<\/p>\n<hr style=\"border: none; height: 1px; background-color: #cecece; margin-bottom: 20px;\"\/>\n<p><span class=\"time\">Publicado em  10 abril de 2026<br \/>\n<\/span><\/p>\n<\/p><\/div>\n<p>fonte <a href=\"https:\/\/floripamanha.org\/2026\/04\/prefeitura-de-florianopolis-estuda-volta-dos-radares-na-avenida-beira-mar-norte\/\">https:\/\/floripamanha.org\/2026\/04\/prefeitura-de-florianopolis-estuda-volta-dos-radares-na-avenida-beira-mar-norte\/<\/a><\/p>\n","protected":false},"excerpt":{"rendered":"<p>Da Coluna de Renato Igor (NSC, 10\/04\/2026) A Prefeitura de Florian\u00f3polis estuda a retomada dos radares na Avenida Beira-Mar Norte. A informa\u00e7\u00e3o foi revelada pelo secret\u00e1rio municipal de Infraestrutura e Manuten\u00e7\u00e3o, Rafael Hahne, ap\u00f3s a queda de um ve\u00edculo no mar, registrada na manh\u00e3 de quinta-feira (9). Na ocorr\u00eancia, n\u00e3o houve feridos graves. O secret\u00e1rio descartou a instala\u00e7\u00e3o de guard-rail no trecho. Segundo ele, por se tratar de uma via reta, esse tipo de acidente \u00e9 raro no local \u2014 diferentemente do que ocorre na curva pr\u00f3xima ao Hotel Slaviero Ba\u00eda Norte, onde h\u00e1 equipamento de prote\u00e7\u00e3o. Em novembro de 2002, ap\u00f3s o acidente que resultou na morte do jogador de futebol Mahicon Librelato, o guard-rail foi instalado naquele ponto. Ainda n\u00e3o h\u00e1 prazo para a conclus\u00e3o dos estudos internos da prefeitura sobre a poss\u00edvel volta dos radares fixos na Beira-Mar Norte. Outra possibilidade em an\u00e1lise \u00e9 a redu\u00e7\u00e3o do limite de velocidade, dos atuais 80 km\/h para 60 km\/h. A proposta consta no projeto de revitaliza\u00e7\u00e3o do Centro elaborado pelo escrit\u00f3rio dinamarqu\u00eas Gehl Architects, em parceria com o Laborat\u00f3rio de Urbanismo e Arquitetura (LUA), em iniciativa financiada pela Acif e pela CDL Florian\u00f3polis. Publicado em 10 abril de 2026 fonte https:\/\/floripamanha.org\/2026\/04\/prefeitura-de-florianopolis-estuda-volta-dos-radares-na-avenida-beira-mar-norte\/<\/p>\n","protected":false},"author":1,"featured_media":0,"comment_status":"","ping_status":"open","sticky":false,"template":"","format":"standard","meta":{"_joinchat":[],"footnotes":""},"categories":[8342],"tags":[],"class_list":["post-7335","post","type-post","status-publish","format-standard","hentry","category-not_economia_criativa"],"_links":{"self":[{"href":"https:\/\/rbcc.net.br\/wp\/wp-json\/wp\/v2\/posts\/7335","targetHints":{"allow":["GET"]}}],"collection":[{"href":"https:\/\/rbcc.net.br\/wp\/wp-json\/wp\/v2\/posts"}],"about":[{"href":"https:\/\/rbcc.net.br\/wp\/wp-json\/wp\/v2\/types\/post"}],"author":[{"embeddable":true,"href":"https:\/\/rbcc.net.br\/wp\/wp-json\/wp\/v2\/users\/1"}],"replies":[{"embeddable":true,"href":"https:\/\/rbcc.net.br\/wp\/wp-json\/wp\/v2\/comments?post=7335"}],"version-history":[{"count":0,"href":"https:\/\/rbcc.net.br\/wp\/wp-json\/wp\/v2\/posts\/7335\/revisions"}],"wp:attachment":[{"href":"https:\/\/rbcc.net.br\/wp\/wp-json\/wp\/v2\/media?parent=7335"}],"wp:term":[{"taxonomy":"category","embeddable":true,"href":"https:\/\/rbcc.net.br\/wp\/wp-json\/wp\/v2\/categories?post=7335"},{"taxonomy":"post_tag","embeddable":true,"href":"https:\/\/rbcc.net.br\/wp\/wp-json\/wp\/v2\/tags?post=7335"}],"curies":[{"name":"wp","href":"https:\/\/api.w.org\/{rel}","templated":true}]}}