{"id":7250,"date":"2026-04-08T03:14:36","date_gmt":"2026-04-08T06:14:36","guid":{"rendered":"https:\/\/rbcc.net.br\/wp\/as-mudancas-que-podem-acabar-com-a-maior-crise-das-ostras-da-historia\/"},"modified":"2026-04-08T03:14:36","modified_gmt":"2026-04-08T06:14:36","slug":"as-mudancas-que-podem-acabar-com-a-maior-crise-das-ostras-da-historia","status":"publish","type":"post","link":"https:\/\/rbcc.net.br\/wp\/as-mudancas-que-podem-acabar-com-a-maior-crise-das-ostras-da-historia\/","title":{"rendered":"As mudan\u00e7as que podem acabar com a maior Crise das Ostras da hist\u00f3ria"},"content":{"rendered":"<p><\/p>\n<div>\n<p>Da Coluna de Renato Igor (<a href=\"https:\/\/www.nsctotal.com.br\/colunistas\/renato-igor\/as-mudancas-que-podem-acabar-com-a-maior-crise-das-ostras-da-historia\" target=\"_blank\" rel=\"noopener\">NSC<\/a>, 07\/04\/2026)<\/p>\n<p>A produ\u00e7\u00e3o de ostras em Florian\u00f3polis e na regi\u00e3o metropolitana pode passar por mudan\u00e7as no per\u00edodo de colheita e no formato de comercializa\u00e7\u00e3o. A proposta foi apresentada por Andr\u00e9 Novaes, gerente da\u00a0<strong>Epagri\/Cedap<\/strong>, em entrevista \u00e0\u00a0<strong>CBN Floripa<\/strong>.<\/p>\n<p>\u201cTemos a possibilidade de mudar o per\u00edodo da colheita, que hoje ocorre majoritariamente no ver\u00e3o, quando as \u00e1guas est\u00e3o mais quentes, e tamb\u00e9m de repensar a oferta da ostra crua. Podemos pensar em outras formas de oferecer a carne do produto, al\u00e9m do consumo in natura. Outra ideia \u00e9 deslocar a colheita para o inverno, quando as \u00e1guas est\u00e3o mais frias\u201d, afirmou Novaes.<\/p>\n<p>O que est\u00e1 causando a morte das ostras?<\/p>\n<p>Os maricultores enfrentam a maior crise da hist\u00f3ria do setor, com perdas estimadas em at\u00e9 90% da produ\u00e7\u00e3o. Segundo t\u00e9cnicos, a principal causa \u00e9 o aquecimento da \u00e1gua do mar.<\/p>\n<p>A Grande Florian\u00f3polis \u00e9 respons\u00e1vel por cerca de 91% da produ\u00e7\u00e3o nacional de ostras.<\/p>\n<hr style=\"border: none; height: 1px; background-color: #cecece; margin-bottom: 20px;\"\/>\n<p><span class=\"time\">Publicado em  07 abril de 2026<br \/>\n<\/span><\/p>\n<\/p><\/div>\n<p>fonte <a href=\"https:\/\/floripamanha.org\/2026\/04\/as-mudancas-que-podem-acabar-com-a-maior-crise-das-ostras-da-historia\/\">https:\/\/floripamanha.org\/2026\/04\/as-mudancas-que-podem-acabar-com-a-maior-crise-das-ostras-da-historia\/<\/a><\/p>\n","protected":false},"excerpt":{"rendered":"<p>Da Coluna de Renato Igor (NSC, 07\/04\/2026) A produ\u00e7\u00e3o de ostras em Florian\u00f3polis e na regi\u00e3o metropolitana pode passar por mudan\u00e7as no per\u00edodo de colheita e no formato de comercializa\u00e7\u00e3o. A proposta foi apresentada por Andr\u00e9 Novaes, gerente da\u00a0Epagri\/Cedap, em entrevista \u00e0\u00a0CBN Floripa. \u201cTemos a possibilidade de mudar o per\u00edodo da colheita, que hoje ocorre majoritariamente no ver\u00e3o, quando as \u00e1guas est\u00e3o mais quentes, e tamb\u00e9m de repensar a oferta da ostra crua. Podemos pensar em outras formas de oferecer a carne do produto, al\u00e9m do consumo in natura. Outra ideia \u00e9 deslocar a colheita para o inverno, quando as \u00e1guas est\u00e3o mais frias\u201d, afirmou Novaes. O que est\u00e1 causando a morte das ostras? Os maricultores enfrentam a maior crise da hist\u00f3ria do setor, com perdas estimadas em at\u00e9 90% da produ\u00e7\u00e3o. Segundo t\u00e9cnicos, a principal causa \u00e9 o aquecimento da \u00e1gua do mar. A Grande Florian\u00f3polis \u00e9 respons\u00e1vel por cerca de 91% da produ\u00e7\u00e3o nacional de ostras. Publicado em 07 abril de 2026 fonte https:\/\/floripamanha.org\/2026\/04\/as-mudancas-que-podem-acabar-com-a-maior-crise-das-ostras-da-historia\/<\/p>\n","protected":false},"author":1,"featured_media":0,"comment_status":"","ping_status":"open","sticky":false,"template":"","format":"standard","meta":{"_joinchat":[],"footnotes":""},"categories":[8342],"tags":[],"class_list":["post-7250","post","type-post","status-publish","format-standard","hentry","category-not_economia_criativa"],"_links":{"self":[{"href":"https:\/\/rbcc.net.br\/wp\/wp-json\/wp\/v2\/posts\/7250","targetHints":{"allow":["GET"]}}],"collection":[{"href":"https:\/\/rbcc.net.br\/wp\/wp-json\/wp\/v2\/posts"}],"about":[{"href":"https:\/\/rbcc.net.br\/wp\/wp-json\/wp\/v2\/types\/post"}],"author":[{"embeddable":true,"href":"https:\/\/rbcc.net.br\/wp\/wp-json\/wp\/v2\/users\/1"}],"replies":[{"embeddable":true,"href":"https:\/\/rbcc.net.br\/wp\/wp-json\/wp\/v2\/comments?post=7250"}],"version-history":[{"count":0,"href":"https:\/\/rbcc.net.br\/wp\/wp-json\/wp\/v2\/posts\/7250\/revisions"}],"wp:attachment":[{"href":"https:\/\/rbcc.net.br\/wp\/wp-json\/wp\/v2\/media?parent=7250"}],"wp:term":[{"taxonomy":"category","embeddable":true,"href":"https:\/\/rbcc.net.br\/wp\/wp-json\/wp\/v2\/categories?post=7250"},{"taxonomy":"post_tag","embeddable":true,"href":"https:\/\/rbcc.net.br\/wp\/wp-json\/wp\/v2\/tags?post=7250"}],"curies":[{"name":"wp","href":"https:\/\/api.w.org\/{rel}","templated":true}]}}