{"id":7247,"date":"2026-04-08T00:07:23","date_gmt":"2026-04-08T03:07:23","guid":{"rendered":"https:\/\/rbcc.net.br\/wp\/zona-azul-em-florianopolis-floripamanha\/"},"modified":"2026-04-08T00:07:23","modified_gmt":"2026-04-08T03:07:23","slug":"zona-azul-em-florianopolis-floripamanha","status":"publish","type":"post","link":"https:\/\/rbcc.net.br\/wp\/zona-azul-em-florianopolis-floripamanha\/","title":{"rendered":"Zona Azul em Florian\u00f3polis &#8211; FloripAmanh\u00e3"},"content":{"rendered":"<p><\/p>\n<div>\n<p>Da Coluna de Fabio Gadotti (<a href=\"https:\/\/upiara.scc10.com.br\/fabiogadotti\/coluna-do-gadotti-zona-azul-em-florianopolis-quinto-constitucional-da-oab-misoginia\/\" target=\"_blank\" rel=\"noopener\">fabiogadotti.net<\/a>, 06\/04\/2026)<\/p>\n<p>A Secretaria de Infraestrutura e Manuten\u00e7\u00e3o da Cidade trabalha nos ajustes finais dos termos do edital do sistema de estacionamento rotativo em Florian\u00f3polis, que deve ser lan\u00e7ado nos pr\u00f3ximos dias com previs\u00e3o de 3 mil vagas no total.<\/p>\n<p>Conforme\u00a0antecipado pela coluna em fevereiro, as tarifas ser\u00e3o mais altas na regi\u00e3o central, onde funcionar\u00e1 a categoria Amarela \u2013 R$ 6,20\/h para carros, R$ 3,10\/h para motos\/ciclomotores e R$ 12,40 para ve\u00edculos de carga. A perman\u00eancia m\u00e1xima ser\u00e1 de duas horas.<\/p>\n<p>Nas categorias Azul e Branca, os valores por hora ser\u00e3o iguais (R$ 4,00\/h para carros, R$ 2,00\/h para motos e R$ 8,00\/h para carga), com tempo m\u00e1ximo de perman\u00eancia de 2 e 5 horas, respectivamente.<\/p>\n<p>O retorno do servi\u00e7o da Zona Azul, suspenso h\u00e1 dois anos por decis\u00e3o judicial, \u00e9 aguardado com expectativa, principalmente pelo com\u00e9rcio \u2013 afetado pela dificuldade que os clientes t\u00eam de estacionar no centro.<\/p>\n<hr style=\"border: none; height: 1px; background-color: #cecece; margin-bottom: 20px;\"\/>\n<p><span class=\"time\">Publicado em  07 abril de 2026<br \/>\n<\/span><\/p>\n<\/p><\/div>\n<p>fonte <a href=\"https:\/\/floripamanha.org\/2026\/04\/zona-azul-em-florianopolis\/\">https:\/\/floripamanha.org\/2026\/04\/zona-azul-em-florianopolis\/<\/a><\/p>\n","protected":false},"excerpt":{"rendered":"<p>Da Coluna de Fabio Gadotti (fabiogadotti.net, 06\/04\/2026) A Secretaria de Infraestrutura e Manuten\u00e7\u00e3o da Cidade trabalha nos ajustes finais dos termos do edital do sistema de estacionamento rotativo em Florian\u00f3polis, que deve ser lan\u00e7ado nos pr\u00f3ximos dias com previs\u00e3o de 3 mil vagas no total. Conforme\u00a0antecipado pela coluna em fevereiro, as tarifas ser\u00e3o mais altas na regi\u00e3o central, onde funcionar\u00e1 a categoria Amarela \u2013 R$ 6,20\/h para carros, R$ 3,10\/h para motos\/ciclomotores e R$ 12,40 para ve\u00edculos de carga. A perman\u00eancia m\u00e1xima ser\u00e1 de duas horas. Nas categorias Azul e Branca, os valores por hora ser\u00e3o iguais (R$ 4,00\/h para carros, R$ 2,00\/h para motos e R$ 8,00\/h para carga), com tempo m\u00e1ximo de perman\u00eancia de 2 e 5 horas, respectivamente. O retorno do servi\u00e7o da Zona Azul, suspenso h\u00e1 dois anos por decis\u00e3o judicial, \u00e9 aguardado com expectativa, principalmente pelo com\u00e9rcio \u2013 afetado pela dificuldade que os clientes t\u00eam de estacionar no centro. Publicado em 07 abril de 2026 fonte https:\/\/floripamanha.org\/2026\/04\/zona-azul-em-florianopolis\/<\/p>\n","protected":false},"author":1,"featured_media":0,"comment_status":"","ping_status":"open","sticky":false,"template":"","format":"standard","meta":{"_joinchat":[],"footnotes":""},"categories":[8342],"tags":[],"class_list":["post-7247","post","type-post","status-publish","format-standard","hentry","category-not_economia_criativa"],"_links":{"self":[{"href":"https:\/\/rbcc.net.br\/wp\/wp-json\/wp\/v2\/posts\/7247","targetHints":{"allow":["GET"]}}],"collection":[{"href":"https:\/\/rbcc.net.br\/wp\/wp-json\/wp\/v2\/posts"}],"about":[{"href":"https:\/\/rbcc.net.br\/wp\/wp-json\/wp\/v2\/types\/post"}],"author":[{"embeddable":true,"href":"https:\/\/rbcc.net.br\/wp\/wp-json\/wp\/v2\/users\/1"}],"replies":[{"embeddable":true,"href":"https:\/\/rbcc.net.br\/wp\/wp-json\/wp\/v2\/comments?post=7247"}],"version-history":[{"count":0,"href":"https:\/\/rbcc.net.br\/wp\/wp-json\/wp\/v2\/posts\/7247\/revisions"}],"wp:attachment":[{"href":"https:\/\/rbcc.net.br\/wp\/wp-json\/wp\/v2\/media?parent=7247"}],"wp:term":[{"taxonomy":"category","embeddable":true,"href":"https:\/\/rbcc.net.br\/wp\/wp-json\/wp\/v2\/categories?post=7247"},{"taxonomy":"post_tag","embeddable":true,"href":"https:\/\/rbcc.net.br\/wp\/wp-json\/wp\/v2\/tags?post=7247"}],"curies":[{"name":"wp","href":"https:\/\/api.w.org\/{rel}","templated":true}]}}