{"id":7113,"date":"2026-04-01T17:27:09","date_gmt":"2026-04-01T20:27:09","guid":{"rendered":"https:\/\/rbcc.net.br\/wp\/numeros-e-avaliacoes-sobre-a-temporada-de-verao-em-florianopolis-sao-debatidos-em-evento\/"},"modified":"2026-04-01T17:27:09","modified_gmt":"2026-04-01T20:27:09","slug":"numeros-e-avaliacoes-sobre-a-temporada-de-verao-em-florianopolis-sao-debatidos-em-evento","status":"publish","type":"post","link":"https:\/\/rbcc.net.br\/wp\/numeros-e-avaliacoes-sobre-a-temporada-de-verao-em-florianopolis-sao-debatidos-em-evento\/","title":{"rendered":"N\u00fameros e avalia\u00e7\u00f5es sobre a temporada de ver\u00e3o em Florian\u00f3polis s\u00e3o debatidos em evento"},"content":{"rendered":"<p><\/p>\n<div>\n<p>A avalia\u00e7\u00e3o da temporada de ver\u00e3o 2025-26 em Florian\u00f3polis foi tema de um f\u00f3rum t\u00e9cnico realizado no\u00a0C\u00e2mpus Florian\u00f3polis-Continente do IFSC. O evento reuniu representantes de \u00f3rg\u00e3os p\u00fablicos e do setor privado ligados ao turismo. O encontro ocorreu na sexta-feira, 27 de mar\u00e7o.<\/p>\n<p>Os dados de uma pesquisa da Federa\u00e7\u00e3o do Com\u00e9rcio de Santa Catarina (Fecom\u00e9rcio-SC) apresentados pela analista Daniele Cruz indicam diminui\u00e7\u00e3o no gasto m\u00e9dio por grupos de visitantes. Ainda assim, o valor de R$ 9.737,00 por grupo de turistas foi o segundo mais alto do per\u00edodo avaliado (desde 2018), ficando atr\u00e1s apenas dos R$ 10.421,00 registrados em 2024-25, o pico hist\u00f3rico, e quase o dobro de sete anos atr\u00e1s.<\/p>\n<p>A pesquisa da Fecom\u00e9rcio aponta que houve, pela primeira vez, predom\u00ednio de turistas estrangeiros em Florian\u00f3polis: 57%, um aumento de quase vinte pontos percentuais em rela\u00e7\u00e3o a 2018 (37,3%). O maior grupo de visitantes internacionais foi de argentinos (43%). Embora a maioria dos turistas cheguem \u00e0 cidade de ve\u00edculo pr\u00f3prio (67,3%), houve aumento expressivo na quantidade dos que v\u00eam de avi\u00e3o: foram 25,7%, contra 18,3% do ano anterior.<\/p>\n<p>Os n\u00fameros sugerem que Florian\u00f3polis deixou de ser um destino regional e est\u00e1 se internacionalizando. O crescimento no gasto por grupo de turistas ao longo dos anos indica a vinda de um turista mais \u201cqualificado\u201d, como \u00e9 classificado no jarg\u00e3o do setor tur\u00edstico o visitante com mais poder aquisitivo. \u201cEsse \u00e9 um turista mais exigente. N\u00f3s vamos receber mais cr\u00edticas e ser mais cobrados. Temos que estar preparados para isso\u201d, comentou Daniele.<\/p>\n<p>A maioria dos entrevistados pela Fecom\u00e9rcio (85%), no entanto, avaliaram positivamente Florian\u00f3polis como destino tur\u00edstico, destacando as belezas naturais e a seguran\u00e7a como pontos positivos e o tr\u00e2nsito e a balneabilidade das praias como aspectos negativos.<\/p>\n<p>(<a href=\"https:\/\/www.ifsc.edu.br\/web\/noticias\/w\/numeros-e-avaliacoes-sobre-a-temporada-de-verao-sao-debatidos-em-evento\" target=\"_blank\" rel=\"noopener\">Confira a mat\u00e9ria completa em<\/a>, 31\/03\/2026)<\/p>\n<hr style=\"border: none; height: 1px; background-color: #cecece; margin-bottom: 20px;\"\/>\n<p><span class=\"time\">Publicado em  01 abril de 2026<br \/>\n<\/span><\/p>\n<\/p><\/div>\n<p>fonte <a href=\"https:\/\/floripamanha.org\/2026\/04\/numeros-e-avaliacoes-sobre-a-temporada-de-verao-em-florianopolis-sao-debatidos-em-evento\/\">https:\/\/floripamanha.org\/2026\/04\/numeros-e-avaliacoes-sobre-a-temporada-de-verao-em-florianopolis-sao-debatidos-em-evento\/<\/a><\/p>\n","protected":false},"excerpt":{"rendered":"<p>A avalia\u00e7\u00e3o da temporada de ver\u00e3o 2025-26 em Florian\u00f3polis foi tema de um f\u00f3rum t\u00e9cnico realizado no\u00a0C\u00e2mpus Florian\u00f3polis-Continente do IFSC. O evento reuniu representantes de \u00f3rg\u00e3os p\u00fablicos e do setor privado ligados ao turismo. O encontro ocorreu na sexta-feira, 27 de mar\u00e7o. Os dados de uma pesquisa da Federa\u00e7\u00e3o do Com\u00e9rcio de Santa Catarina (Fecom\u00e9rcio-SC) apresentados pela analista Daniele Cruz indicam diminui\u00e7\u00e3o no gasto m\u00e9dio por grupos de visitantes. Ainda assim, o valor de R$ 9.737,00 por grupo de turistas foi o segundo mais alto do per\u00edodo avaliado (desde 2018), ficando atr\u00e1s apenas dos R$ 10.421,00 registrados em 2024-25, o pico hist\u00f3rico, e quase o dobro de sete anos atr\u00e1s. A pesquisa da Fecom\u00e9rcio aponta que houve, pela primeira vez, predom\u00ednio de turistas estrangeiros em Florian\u00f3polis: 57%, um aumento de quase vinte pontos percentuais em rela\u00e7\u00e3o a 2018 (37,3%). O maior grupo de visitantes internacionais foi de argentinos (43%). Embora a maioria dos turistas cheguem \u00e0 cidade de ve\u00edculo pr\u00f3prio (67,3%), houve aumento expressivo na quantidade dos que v\u00eam de avi\u00e3o: foram 25,7%, contra 18,3% do ano anterior. Os n\u00fameros sugerem que Florian\u00f3polis deixou de ser um destino regional e est\u00e1 se internacionalizando. O crescimento no gasto por grupo de turistas ao longo dos anos indica a vinda de um turista mais \u201cqualificado\u201d, como \u00e9 classificado no jarg\u00e3o do setor tur\u00edstico o visitante com mais poder aquisitivo. \u201cEsse \u00e9 um turista mais exigente. N\u00f3s vamos receber mais cr\u00edticas e ser mais cobrados. Temos que estar preparados para isso\u201d, comentou Daniele. A maioria dos entrevistados pela Fecom\u00e9rcio (85%), no entanto, avaliaram positivamente Florian\u00f3polis como destino tur\u00edstico, destacando as belezas naturais e a seguran\u00e7a como pontos positivos e o tr\u00e2nsito e a balneabilidade das praias como aspectos negativos. (Confira a mat\u00e9ria completa em, 31\/03\/2026) Publicado em 01 abril de 2026 fonte https:\/\/floripamanha.org\/2026\/04\/numeros-e-avaliacoes-sobre-a-temporada-de-verao-em-florianopolis-sao-debatidos-em-evento\/<\/p>\n","protected":false},"author":1,"featured_media":0,"comment_status":"","ping_status":"open","sticky":false,"template":"","format":"standard","meta":{"_joinchat":[],"footnotes":""},"categories":[8342],"tags":[],"class_list":["post-7113","post","type-post","status-publish","format-standard","hentry","category-not_economia_criativa"],"_links":{"self":[{"href":"https:\/\/rbcc.net.br\/wp\/wp-json\/wp\/v2\/posts\/7113","targetHints":{"allow":["GET"]}}],"collection":[{"href":"https:\/\/rbcc.net.br\/wp\/wp-json\/wp\/v2\/posts"}],"about":[{"href":"https:\/\/rbcc.net.br\/wp\/wp-json\/wp\/v2\/types\/post"}],"author":[{"embeddable":true,"href":"https:\/\/rbcc.net.br\/wp\/wp-json\/wp\/v2\/users\/1"}],"replies":[{"embeddable":true,"href":"https:\/\/rbcc.net.br\/wp\/wp-json\/wp\/v2\/comments?post=7113"}],"version-history":[{"count":0,"href":"https:\/\/rbcc.net.br\/wp\/wp-json\/wp\/v2\/posts\/7113\/revisions"}],"wp:attachment":[{"href":"https:\/\/rbcc.net.br\/wp\/wp-json\/wp\/v2\/media?parent=7113"}],"wp:term":[{"taxonomy":"category","embeddable":true,"href":"https:\/\/rbcc.net.br\/wp\/wp-json\/wp\/v2\/categories?post=7113"},{"taxonomy":"post_tag","embeddable":true,"href":"https:\/\/rbcc.net.br\/wp\/wp-json\/wp\/v2\/tags?post=7113"}],"curies":[{"name":"wp","href":"https:\/\/api.w.org\/{rel}","templated":true}]}}