{"id":7097,"date":"2026-04-01T04:09:28","date_gmt":"2026-04-01T07:09:28","guid":{"rendered":"https:\/\/rbcc.net.br\/wp\/curta-periferias-abre-selecao-para-jovens-moradores-da-rocinha\/"},"modified":"2026-04-01T04:09:28","modified_gmt":"2026-04-01T07:09:28","slug":"curta-periferias-abre-selecao-para-jovens-moradores-da-rocinha","status":"publish","type":"post","link":"https:\/\/rbcc.net.br\/wp\/curta-periferias-abre-selecao-para-jovens-moradores-da-rocinha\/","title":{"rendered":"Curta Periferias abre sele\u00e7\u00e3o para jovens moradores da Rocinha"},"content":{"rendered":"<p><\/p>\n<div>\n<p>A Secretaria Municipal de Ci\u00eancia, Tecnologia e Inova\u00e7\u00e3o do Rio, a RioFilme, a Universidade Internacional das Periferias (Uniperiferias), Fala Ro\u00e7a, Academia de Cinema da Rocinha e a Casa de Cultura da Rua 1 se uniram e est\u00e3o lan\u00e7ando um novo projeto, que visa incentivar a forma\u00e7\u00e3o coletiva e colaborativa para a produ\u00e7\u00e3o independente de audiovisual. O Curta Periferias \u00e9 voltado aos moradores da Rocinha, que ter\u00e3o oportunidade de usar a criatividade e os recursos dispon\u00edveis para contar suas hist\u00f3rias.<\/p>\n<p>Com o projeto, a popula\u00e7\u00e3o local poder\u00e1 criar imagin\u00e1rios sobre a vida na favela, superando estigmas associados \u00e0 viol\u00eancia e car\u00eancia. Para a concep\u00e7\u00e3o dos curtas, os participantes v\u00e3o receber forma\u00e7\u00e3o sobre a introdu\u00e7\u00e3o e pr\u00e1tica do audiovisual com uso do celular, abordando desde conceitos fundamentais at\u00e9 a produ\u00e7\u00e3o de um curta-metragem. Eles ter\u00e3o acesso \u00e0s etapas de produ\u00e7\u00e3o; compreens\u00e3o das fun\u00e7\u00f5es envolvidas no processo de cria\u00e7\u00e3o e planejamento de um curta; roteiro; t\u00e9cnicas de filmagem com celular e edi\u00e7\u00e3o de v\u00eddeo com ferramentas gratuitas, entre outros temas.<\/p>\n<p>O morador da Rocinha que quiser participar precisa ter entre 17 e 29 anos e possuir interesse ou atua\u00e7\u00e3o em produ\u00e7\u00e3o audiovisual com celular, cria\u00e7\u00e3o de v\u00eddeos, roteiro, grava\u00e7\u00e3o ou edi\u00e7\u00e3o pelo celular e comunica\u00e7\u00e3o digital nas redes. No entanto, n\u00e3o \u00e9 pr\u00e9-requisito ter experi\u00eancia em comunica\u00e7\u00e3o.<\/p>\n<p>Os idealizadores do projeto apostam na diversidade e na inclus\u00e3o e o processo seletivo vai priorizar pessoas negras (pretas e pardas); mulheres; pessoas ind\u00edgenas; pessoas LGBTQIAPN+; pessoas com defici\u00eancia e jovens em situa\u00e7\u00e3o de vulnerabilidade socioecon\u00f4mica.<\/p>\n<blockquote class=\"wp-block-quote is-layout-flow wp-block-quote-is-layout-flow\">\n<p>\u2013\u00a0O Curta Periferias \u00e9 sobre visibilidade. \u00c9 uma iniciativa estrat\u00e9gica que amplia o conhecimento e abre um leque de oportunidades de empregabilidade. O valor do projeto \u00e9 dar protagonismo aos moradores das favelas, para que ocupem o centro da narrativa. E, com o Curta, queremos romper essa invisibilidade e mostrar que as comunidades transbordam talentos e hist\u00f3rias incr\u00edveis, contadas a partir de um olhar pr\u00f3prio e aut\u00eantico -, comentou a secret\u00e1ria Municipal de Ci\u00eancia, Tecnologia e Inova\u00e7\u00e3o do Rio, Tatiana Roque.<\/p>\n<\/blockquote>\n<p>O Curta Periferias materializa uma vis\u00e3o estrat\u00e9gica da RioFilme: o audiovisual precisa estar cada vez mais conectado aos territ\u00f3rios, \u00e0 forma\u00e7\u00e3o e \u00e0 inclus\u00e3o. Ao formar jovens da Rocinha em roteiro, capta\u00e7\u00e3o e edi\u00e7\u00e3o com celular, o projeto transforma uma ferramenta cotidiana em instrumento de cria\u00e7\u00e3o, express\u00e3o e futuro. \u00c9 assim que ampliamos repert\u00f3rio, abrimos oportunidades reais de inser\u00e7\u00e3o produtiva e fortalecemos novas vozes para contar a cidade a partir de seus pr\u00f3prios olhares -,\u00a0ressaltou o presidente da RioFilme, Leonardo Edde.<\/p>\n<p>As inscri\u00e7\u00f5es v\u00e3o at\u00e9 11 de abril. Devem ser feitas via preenchimento de formul\u00e1rio online por meio do link:\u00a0<a href=\"https:\/\/forms.gle\/DmKMCH94HuVEBHEJ6\" target=\"_blank\" rel=\"noreferrer noopener\">https:\/\/forms.gle\/DmKMCH94HuVEBHEJ6<\/a>\u00a0.\u00a0\u00a0<\/p>\n<p>Para a sele\u00e7\u00e3o haver\u00e1 uma banca avaliadora, com a participa\u00e7\u00e3o de cineastas e de integrantes da SMCT, Uniperiferias, RioFilme, Fala Ro\u00e7a e da Academia de Cinema da Rocinha. Ser\u00e3o selecionadas produ\u00e7\u00f5es de 20 jovens, que concorrer\u00e3o a premia\u00e7\u00e3o, com exibi\u00e7\u00e3o dos curtas na Mostra Curta Periferias, evento de encerramento dos ciclos formativos.\u00a0<\/p>\n<\/div>\n<p>FOnte<a href=\"https:\/\/portalbrasilcriativo.com.br\/curta-periferias-abre-selecao-para-jovens-moradores-da-rocinha\/\">https:\/\/portalbrasilcriativo.com.br\/curta-periferias-abre-selecao-para-jovens-moradores-da-rocinha\/<\/a><\/p>\n","protected":false},"excerpt":{"rendered":"<p>A Secretaria Municipal de Ci\u00eancia, Tecnologia e Inova\u00e7\u00e3o do Rio, a RioFilme, a Universidade Internacional das Periferias (Uniperiferias), Fala Ro\u00e7a, Academia de Cinema da Rocinha e a Casa de Cultura da Rua 1 se uniram e est\u00e3o lan\u00e7ando um novo projeto, que visa incentivar a forma\u00e7\u00e3o coletiva e colaborativa para a produ\u00e7\u00e3o independente de audiovisual. O Curta Periferias \u00e9 voltado aos moradores da Rocinha, que ter\u00e3o oportunidade de usar a criatividade e os recursos dispon\u00edveis para contar suas hist\u00f3rias. Com o projeto, a popula\u00e7\u00e3o local poder\u00e1 criar imagin\u00e1rios sobre a vida na favela, superando estigmas associados \u00e0 viol\u00eancia e car\u00eancia. Para a concep\u00e7\u00e3o dos curtas, os participantes v\u00e3o receber forma\u00e7\u00e3o sobre a introdu\u00e7\u00e3o e pr\u00e1tica do audiovisual com uso do celular, abordando desde conceitos fundamentais at\u00e9 a produ\u00e7\u00e3o de um curta-metragem. Eles ter\u00e3o acesso \u00e0s etapas de produ\u00e7\u00e3o; compreens\u00e3o das fun\u00e7\u00f5es envolvidas no processo de cria\u00e7\u00e3o e planejamento de um curta; roteiro; t\u00e9cnicas de filmagem com celular e edi\u00e7\u00e3o de v\u00eddeo com ferramentas gratuitas, entre outros temas. O morador da Rocinha que quiser participar precisa ter entre 17 e 29 anos e possuir interesse ou atua\u00e7\u00e3o em produ\u00e7\u00e3o audiovisual com celular, cria\u00e7\u00e3o de v\u00eddeos, roteiro, grava\u00e7\u00e3o ou edi\u00e7\u00e3o pelo celular e comunica\u00e7\u00e3o digital nas redes. No entanto, n\u00e3o \u00e9 pr\u00e9-requisito ter experi\u00eancia em comunica\u00e7\u00e3o. Os idealizadores do projeto apostam na diversidade e na inclus\u00e3o e o processo seletivo vai priorizar pessoas negras (pretas e pardas); mulheres; pessoas ind\u00edgenas; pessoas LGBTQIAPN+; pessoas com defici\u00eancia e jovens em situa\u00e7\u00e3o de vulnerabilidade socioecon\u00f4mica. \u2013\u00a0O Curta Periferias \u00e9 sobre visibilidade. \u00c9 uma iniciativa estrat\u00e9gica que amplia o conhecimento e abre um leque de oportunidades de empregabilidade. O valor do projeto \u00e9 dar protagonismo aos moradores das favelas, para que ocupem o centro da narrativa. E, com o Curta, queremos romper essa invisibilidade e mostrar que as comunidades transbordam talentos e hist\u00f3rias incr\u00edveis, contadas a partir de um olhar pr\u00f3prio e aut\u00eantico -, comentou a secret\u00e1ria Municipal de Ci\u00eancia, Tecnologia e Inova\u00e7\u00e3o do Rio, Tatiana Roque. O Curta Periferias materializa uma vis\u00e3o estrat\u00e9gica da RioFilme: o audiovisual precisa estar cada vez mais conectado aos territ\u00f3rios, \u00e0 forma\u00e7\u00e3o e \u00e0 inclus\u00e3o. Ao formar jovens da Rocinha em roteiro, capta\u00e7\u00e3o e edi\u00e7\u00e3o com celular, o projeto transforma uma ferramenta cotidiana em instrumento de cria\u00e7\u00e3o, express\u00e3o e futuro. \u00c9 assim que ampliamos repert\u00f3rio, abrimos oportunidades reais de inser\u00e7\u00e3o produtiva e fortalecemos novas vozes para contar a cidade a partir de seus pr\u00f3prios olhares -,\u00a0ressaltou o presidente da RioFilme, Leonardo Edde. As inscri\u00e7\u00f5es v\u00e3o at\u00e9 11 de abril. Devem ser feitas via preenchimento de formul\u00e1rio online por meio do link:\u00a0https:\/\/forms.gle\/DmKMCH94HuVEBHEJ6\u00a0.\u00a0\u00a0 Para a sele\u00e7\u00e3o haver\u00e1 uma banca avaliadora, com a participa\u00e7\u00e3o de cineastas e de integrantes da SMCT, Uniperiferias, RioFilme, Fala Ro\u00e7a e da Academia de Cinema da Rocinha. Ser\u00e3o selecionadas produ\u00e7\u00f5es de 20 jovens, que concorrer\u00e3o a premia\u00e7\u00e3o, com exibi\u00e7\u00e3o dos curtas na Mostra Curta Periferias, evento de encerramento dos ciclos formativos.\u00a0 FOntehttps:\/\/portalbrasilcriativo.com.br\/curta-periferias-abre-selecao-para-jovens-moradores-da-rocinha\/<\/p>\n","protected":false},"author":1,"featured_media":7098,"comment_status":"","ping_status":"open","sticky":false,"template":"","format":"standard","meta":{"_joinchat":[],"footnotes":""},"categories":[8342],"tags":[],"class_list":["post-7097","post","type-post","status-publish","format-standard","has-post-thumbnail","hentry","category-not_economia_criativa"],"_links":{"self":[{"href":"https:\/\/rbcc.net.br\/wp\/wp-json\/wp\/v2\/posts\/7097","targetHints":{"allow":["GET"]}}],"collection":[{"href":"https:\/\/rbcc.net.br\/wp\/wp-json\/wp\/v2\/posts"}],"about":[{"href":"https:\/\/rbcc.net.br\/wp\/wp-json\/wp\/v2\/types\/post"}],"author":[{"embeddable":true,"href":"https:\/\/rbcc.net.br\/wp\/wp-json\/wp\/v2\/users\/1"}],"replies":[{"embeddable":true,"href":"https:\/\/rbcc.net.br\/wp\/wp-json\/wp\/v2\/comments?post=7097"}],"version-history":[{"count":0,"href":"https:\/\/rbcc.net.br\/wp\/wp-json\/wp\/v2\/posts\/7097\/revisions"}],"wp:featuredmedia":[{"embeddable":true,"href":"https:\/\/rbcc.net.br\/wp\/wp-json\/wp\/v2\/media\/7098"}],"wp:attachment":[{"href":"https:\/\/rbcc.net.br\/wp\/wp-json\/wp\/v2\/media?parent=7097"}],"wp:term":[{"taxonomy":"category","embeddable":true,"href":"https:\/\/rbcc.net.br\/wp\/wp-json\/wp\/v2\/categories?post=7097"},{"taxonomy":"post_tag","embeddable":true,"href":"https:\/\/rbcc.net.br\/wp\/wp-json\/wp\/v2\/tags?post=7097"}],"curies":[{"name":"wp","href":"https:\/\/api.w.org\/{rel}","templated":true}]}}