{"id":7062,"date":"2026-03-31T11:24:18","date_gmt":"2026-03-31T14:24:18","guid":{"rendered":"https:\/\/rbcc.net.br\/wp\/ccbb-em-brasilia-recebe-mostra-joaquin-torres-garcia-150-anos\/"},"modified":"2026-03-31T11:24:18","modified_gmt":"2026-03-31T14:24:18","slug":"ccbb-em-brasilia-recebe-mostra-joaquin-torres-garcia-150-anos","status":"publish","type":"post","link":"https:\/\/rbcc.net.br\/wp\/ccbb-em-brasilia-recebe-mostra-joaquin-torres-garcia-150-anos\/","title":{"rendered":"CCBB em Bras\u00edlia recebe mostra Joaqu\u00edn Torres Garc\u00eda &#8211; 150 anos"},"content":{"rendered":"<p><\/p>\n<div>\n<p>O Centro Cultural Banco do Brasil em Bras\u00edlia vai receber a partir desta ter\u00e7a-feira, dia 31, at\u00e9 21 de junho a exposi\u00e7\u00e3o Joaqu\u00edn Torres Garc\u00eda \u2013 150 anos. A mostra celebra a hist\u00f3ria do artista uruguaio, um dos mais importantes e influentes da arte moderna na Am\u00e9rica Latina durante o s\u00e9culo 20.<\/p>\n<p><strong>Os visitantes v\u00e3o conferir cerca de 500 itens, entre obras, documentos, pinturas, maquetes e desenhos.<\/strong><\/p>\n<p>Saulo Di Tarso, curador da exposi\u00e7\u00e3o, afirma que a mostra j\u00e1 est\u00e1 sendo considerada a maior reuni\u00e3o de obras de Torres Garc\u00eda de todos os tempos.<\/p>\n<blockquote>\n<p>\u201cPra gente, no Brasil, \u00e9 um grande privil\u00e9gio poder acessar, porque realmente \u00e9 muito raro, seria muito dif\u00edcil fazer uma exposi\u00e7\u00e3o como essa sem o apoio. Esse conjunto de obra, que t\u00e1 sendo reunido pela primeira vez, mostra um Torres Garcia que amava as crian\u00e7as e, aqui em Bras\u00edlia, a gente tem mais \u00a0obras que dizem respeito a essa rela\u00e7\u00e3o que Torres Garcia teve a vida toda com a \u00c1frica, com a arte indoamericana\u201d, explica. \u00a0\u00a0<\/p>\n<\/blockquote>\n<p>Segundo Saulo, o p\u00fablico pode se surpreender com artes que podem ter mais de 100 anos de autoria, mas que dialogam perfeitamente com a arte da atualidade.<\/p>\n<blockquote>\n<p>\u201cSurpresas que o p\u00fablico pode ter \u00e9 ver esse frescor de uma arte que tem, praticamente, quase 100 anos, mas qyua dialoga com o mundo da arte contempor\u00e2nea. Principalmente, tem um cuidado de que muitas das obras fiquem muito acess\u00edveis para as crian\u00e7as. Ent\u00e3o, outra coisa super bonita que tem na exposi\u00e7\u00e3o s\u00e3o os brinquedos que Torres Garc\u00eda fez durante algumas fases da vida dele. Brinquedos, inclusive, que acabaram sendo transformados em obras de arte\u201d.<\/p>\n<\/blockquote>\n<p>A exposi\u00e7\u00e3o Joaqu\u00edn Torres Garc\u00eda \u2013 150 anos tem entrada gratuita e vai ficar aberta de ter\u00e7a a domingo. Os ingressos podem ser retirados na bilheteria do\u00a0CCBB\u00a0ou no site\u00a0ccbb.com.br\/brasilia.<\/p>\n<p>Ap\u00f3s o per\u00edodo em Bras\u00edlia, o pr\u00f3ximo destino da mostra ser\u00e1 a capital mineira, Belo Horizonte, em julho.<\/p>\n<p><em>*Com supervis\u00e3o de Bianca Paiva\u00a0<\/em><\/p>\n<p>      <!-- Relacionada --><br \/>\n            <!-- Relacionada -->\n    <\/div>\n<p>Fonte: <a href=\"https:\/\/agenciabrasil.ebc.com.br\/radioagencia-nacional\/cultura\/audio\/2026-03\/ccbb-em-brasilia-recebe-mostra-joaquin-torres-garcia-150-anos\">https:\/\/agenciabrasil.ebc.com.br\/radioagencia-nacional\/cultura\/audio\/2026-03\/ccbb-em-brasilia-recebe-mostra-joaquin-torres-garcia-150-anos <\/a><\/p>\n","protected":false},"excerpt":{"rendered":"<p>O Centro Cultural Banco do Brasil em Bras\u00edlia vai receber a partir desta ter\u00e7a-feira, dia 31, at\u00e9 21 de junho a exposi\u00e7\u00e3o Joaqu\u00edn Torres Garc\u00eda \u2013 150 anos. A mostra celebra a hist\u00f3ria do artista uruguaio, um dos mais importantes e influentes da arte moderna na Am\u00e9rica Latina durante o s\u00e9culo 20. Os visitantes v\u00e3o conferir cerca de 500 itens, entre obras, documentos, pinturas, maquetes e desenhos. Saulo Di Tarso, curador da exposi\u00e7\u00e3o, afirma que a mostra j\u00e1 est\u00e1 sendo considerada a maior reuni\u00e3o de obras de Torres Garc\u00eda de todos os tempos. \u201cPra gente, no Brasil, \u00e9 um grande privil\u00e9gio poder acessar, porque realmente \u00e9 muito raro, seria muito dif\u00edcil fazer uma exposi\u00e7\u00e3o como essa sem o apoio. Esse conjunto de obra, que t\u00e1 sendo reunido pela primeira vez, mostra um Torres Garcia que amava as crian\u00e7as e, aqui em Bras\u00edlia, a gente tem mais \u00a0obras que dizem respeito a essa rela\u00e7\u00e3o que Torres Garcia teve a vida toda com a \u00c1frica, com a arte indoamericana\u201d, explica. \u00a0\u00a0 Segundo Saulo, o p\u00fablico pode se surpreender com artes que podem ter mais de 100 anos de autoria, mas que dialogam perfeitamente com a arte da atualidade. \u201cSurpresas que o p\u00fablico pode ter \u00e9 ver esse frescor de uma arte que tem, praticamente, quase 100 anos, mas qyua dialoga com o mundo da arte contempor\u00e2nea. Principalmente, tem um cuidado de que muitas das obras fiquem muito acess\u00edveis para as crian\u00e7as. Ent\u00e3o, outra coisa super bonita que tem na exposi\u00e7\u00e3o s\u00e3o os brinquedos que Torres Garc\u00eda fez durante algumas fases da vida dele. Brinquedos, inclusive, que acabaram sendo transformados em obras de arte\u201d. A exposi\u00e7\u00e3o Joaqu\u00edn Torres Garc\u00eda \u2013 150 anos tem entrada gratuita e vai ficar aberta de ter\u00e7a a domingo. Os ingressos podem ser retirados na bilheteria do\u00a0CCBB\u00a0ou no site\u00a0ccbb.com.br\/brasilia. Ap\u00f3s o per\u00edodo em Bras\u00edlia, o pr\u00f3ximo destino da mostra ser\u00e1 a capital mineira, Belo Horizonte, em julho. *Com supervis\u00e3o de Bianca Paiva\u00a0 Fonte: https:\/\/agenciabrasil.ebc.com.br\/radioagencia-nacional\/cultura\/audio\/2026-03\/ccbb-em-brasilia-recebe-mostra-joaquin-torres-garcia-150-anos<\/p>\n","protected":false},"author":1,"featured_media":7063,"comment_status":"","ping_status":"open","sticky":false,"template":"","format":"standard","meta":{"_joinchat":[],"footnotes":""},"categories":[8342],"tags":[],"class_list":["post-7062","post","type-post","status-publish","format-standard","has-post-thumbnail","hentry","category-not_economia_criativa"],"_links":{"self":[{"href":"https:\/\/rbcc.net.br\/wp\/wp-json\/wp\/v2\/posts\/7062","targetHints":{"allow":["GET"]}}],"collection":[{"href":"https:\/\/rbcc.net.br\/wp\/wp-json\/wp\/v2\/posts"}],"about":[{"href":"https:\/\/rbcc.net.br\/wp\/wp-json\/wp\/v2\/types\/post"}],"author":[{"embeddable":true,"href":"https:\/\/rbcc.net.br\/wp\/wp-json\/wp\/v2\/users\/1"}],"replies":[{"embeddable":true,"href":"https:\/\/rbcc.net.br\/wp\/wp-json\/wp\/v2\/comments?post=7062"}],"version-history":[{"count":0,"href":"https:\/\/rbcc.net.br\/wp\/wp-json\/wp\/v2\/posts\/7062\/revisions"}],"wp:featuredmedia":[{"embeddable":true,"href":"https:\/\/rbcc.net.br\/wp\/wp-json\/wp\/v2\/media\/7063"}],"wp:attachment":[{"href":"https:\/\/rbcc.net.br\/wp\/wp-json\/wp\/v2\/media?parent=7062"}],"wp:term":[{"taxonomy":"category","embeddable":true,"href":"https:\/\/rbcc.net.br\/wp\/wp-json\/wp\/v2\/categories?post=7062"},{"taxonomy":"post_tag","embeddable":true,"href":"https:\/\/rbcc.net.br\/wp\/wp-json\/wp\/v2\/tags?post=7062"}],"curies":[{"name":"wp","href":"https:\/\/api.w.org\/{rel}","templated":true}]}}