{"id":6989,"date":"2026-03-27T21:26:21","date_gmt":"2026-03-28T00:26:21","guid":{"rendered":"https:\/\/rbcc.net.br\/wp\/em-minas-bh-realiza-festival-de-arte-negra-com-atividades-gratuitas\/"},"modified":"2026-03-27T21:26:21","modified_gmt":"2026-03-28T00:26:21","slug":"em-minas-bh-realiza-festival-de-arte-negra-com-atividades-gratuitas","status":"publish","type":"post","link":"https:\/\/rbcc.net.br\/wp\/em-minas-bh-realiza-festival-de-arte-negra-com-atividades-gratuitas\/","title":{"rendered":"Em Minas, BH realiza Festival de Arte Negra com atividades gratuitas"},"content":{"rendered":"<p><\/p>\n<div>\n<p>Na capital mineira, segue at\u00e9 domingo o FAN RA\u00cdZES, Festival de Arte Negra\u00a0de Belo Horizonte. Com homenagem \u00e0s tradi\u00e7\u00f5es afro-brasileiras, como o congado e rodas de capoeira, o evento une artistas, mestres de tradi\u00e7\u00f5es e a comunidade.<\/p>\n<p>Com o tema <em><strong>\u201cTempo espiralar, cidade em movimento\u201d<\/strong><\/em>, o festival comemora 30 anos e chega \u00e0 13\u00aa edi\u00e7\u00e3o com um formato expandido:\u00a0 em vez de acontecer no formato de bienal, entre novembro e dezembro,\u00a0 o evento vem sendo realizado desde outubro do ano passado e segue at\u00e9 junho. O Festival conta com tr\u00eas etapas: <em><strong>Rotas, Ra\u00edzes e Espiralar<\/strong><\/em>.<\/p>\n<p>B\u00e1rbara Bof, presidente da Funda\u00e7\u00e3o Municipal de Cultura de Belo Horizonte, que organiza o festival, destaca o evento como um patrim\u00f4nio de celebra\u00e7\u00e3o e resist\u00eancia da cultura\u00a0negra\u00a0do pa\u00eds.\u00a0<\/p>\n<p>Neste s\u00e1bado, no Mercado da Lagoinha, acontece uma roda de gastronomia e mem\u00f3ria que faz a ponte entre experi\u00eancias em Mo\u00e7ambique e comunidades tradicionais mineiras.\u00a0 E, no N\u00facleo de forma\u00e7\u00e3o e Cria\u00e7\u00e3o Art\u00edstica e Cultural, o m\u00fasico cubano Eugenio Clavelles d\u00e1 uma oficina sobre os tambores Bat\u00e1 e a linguagem musical afro-diasp\u00f3rica.\u00a0<\/p>\n<p>Tamb\u00e9m neste\u00a0s\u00e1bado, \u00e0 noite, tem uma sess\u00e3o comentada do document\u00e1rio \u201cA Rainha Nzinga Chegou\u201d, sobre tr\u00eas gera\u00e7\u00f5es de rainhas \u00e0 frente da Guarda de Mo\u00e7ambique e Congo Treze de Maio, de Nossa Senhora do Ros\u00e1rio.\u00a0<\/p>\n<p>No domingo, tem roda de capoeira conduzida pelo Mestre Manso, na Feira Hippie, pela manh\u00e3, e, \u00e0 tarde, acontece uma atividade sobre o Candombe Ros\u00e1rio dos Pretos, comandada por Capit\u00e3o Luiz Cl\u00e1udio, com cantos, toques e pr\u00e1ticas de uma das matrizes do Congado mineiro.\u00a0<\/p>\n<p>A programa\u00e7\u00e3o \u00e9 gratuita, com retirada de ingressos para algumas atividades pelo <strong>site Sympla<\/strong> ou de forma presencial, meia hora antes do evento. Detalhes no <a href=\"http:\/\/portalbelohorizonte.com.br\/fan\">portalbelohorizonte.com.br\/fan<\/a><\/p>\n<p>      <!-- Relacionada --><br \/>\n            <!-- Relacionada -->\n    <\/div>\n<p>Fonte: <a href=\"https:\/\/agenciabrasil.ebc.com.br\/radioagencia-nacional\/cultura\/audio\/2026-03\/em-minas-bh-realiza-festival-de-arte-negra-com-atividades-gratuitas\">https:\/\/agenciabrasil.ebc.com.br\/radioagencia-nacional\/cultura\/audio\/2026-03\/em-minas-bh-realiza-festival-de-arte-negra-com-atividades-gratuitas <\/a><\/p>\n","protected":false},"excerpt":{"rendered":"<p>Na capital mineira, segue at\u00e9 domingo o FAN RA\u00cdZES, Festival de Arte Negra\u00a0de Belo Horizonte. Com homenagem \u00e0s tradi\u00e7\u00f5es afro-brasileiras, como o congado e rodas de capoeira, o evento une artistas, mestres de tradi\u00e7\u00f5es e a comunidade. Com o tema \u201cTempo espiralar, cidade em movimento\u201d, o festival comemora 30 anos e chega \u00e0 13\u00aa edi\u00e7\u00e3o com um formato expandido:\u00a0 em vez de acontecer no formato de bienal, entre novembro e dezembro,\u00a0 o evento vem sendo realizado desde outubro do ano passado e segue at\u00e9 junho. O Festival conta com tr\u00eas etapas: Rotas, Ra\u00edzes e Espiralar. B\u00e1rbara Bof, presidente da Funda\u00e7\u00e3o Municipal de Cultura de Belo Horizonte, que organiza o festival, destaca o evento como um patrim\u00f4nio de celebra\u00e7\u00e3o e resist\u00eancia da cultura\u00a0negra\u00a0do pa\u00eds.\u00a0 Neste s\u00e1bado, no Mercado da Lagoinha, acontece uma roda de gastronomia e mem\u00f3ria que faz a ponte entre experi\u00eancias em Mo\u00e7ambique e comunidades tradicionais mineiras.\u00a0 E, no N\u00facleo de forma\u00e7\u00e3o e Cria\u00e7\u00e3o Art\u00edstica e Cultural, o m\u00fasico cubano Eugenio Clavelles d\u00e1 uma oficina sobre os tambores Bat\u00e1 e a linguagem musical afro-diasp\u00f3rica.\u00a0 Tamb\u00e9m neste\u00a0s\u00e1bado, \u00e0 noite, tem uma sess\u00e3o comentada do document\u00e1rio \u201cA Rainha Nzinga Chegou\u201d, sobre tr\u00eas gera\u00e7\u00f5es de rainhas \u00e0 frente da Guarda de Mo\u00e7ambique e Congo Treze de Maio, de Nossa Senhora do Ros\u00e1rio.\u00a0 No domingo, tem roda de capoeira conduzida pelo Mestre Manso, na Feira Hippie, pela manh\u00e3, e, \u00e0 tarde, acontece uma atividade sobre o Candombe Ros\u00e1rio dos Pretos, comandada por Capit\u00e3o Luiz Cl\u00e1udio, com cantos, toques e pr\u00e1ticas de uma das matrizes do Congado mineiro.\u00a0 A programa\u00e7\u00e3o \u00e9 gratuita, com retirada de ingressos para algumas atividades pelo site Sympla ou de forma presencial, meia hora antes do evento. Detalhes no portalbelohorizonte.com.br\/fan Fonte: https:\/\/agenciabrasil.ebc.com.br\/radioagencia-nacional\/cultura\/audio\/2026-03\/em-minas-bh-realiza-festival-de-arte-negra-com-atividades-gratuitas<\/p>\n","protected":false},"author":1,"featured_media":6990,"comment_status":"","ping_status":"open","sticky":false,"template":"","format":"standard","meta":{"_joinchat":[],"footnotes":""},"categories":[8342],"tags":[],"class_list":["post-6989","post","type-post","status-publish","format-standard","has-post-thumbnail","hentry","category-not_economia_criativa"],"_links":{"self":[{"href":"https:\/\/rbcc.net.br\/wp\/wp-json\/wp\/v2\/posts\/6989","targetHints":{"allow":["GET"]}}],"collection":[{"href":"https:\/\/rbcc.net.br\/wp\/wp-json\/wp\/v2\/posts"}],"about":[{"href":"https:\/\/rbcc.net.br\/wp\/wp-json\/wp\/v2\/types\/post"}],"author":[{"embeddable":true,"href":"https:\/\/rbcc.net.br\/wp\/wp-json\/wp\/v2\/users\/1"}],"replies":[{"embeddable":true,"href":"https:\/\/rbcc.net.br\/wp\/wp-json\/wp\/v2\/comments?post=6989"}],"version-history":[{"count":0,"href":"https:\/\/rbcc.net.br\/wp\/wp-json\/wp\/v2\/posts\/6989\/revisions"}],"wp:featuredmedia":[{"embeddable":true,"href":"https:\/\/rbcc.net.br\/wp\/wp-json\/wp\/v2\/media\/6990"}],"wp:attachment":[{"href":"https:\/\/rbcc.net.br\/wp\/wp-json\/wp\/v2\/media?parent=6989"}],"wp:term":[{"taxonomy":"category","embeddable":true,"href":"https:\/\/rbcc.net.br\/wp\/wp-json\/wp\/v2\/categories?post=6989"},{"taxonomy":"post_tag","embeddable":true,"href":"https:\/\/rbcc.net.br\/wp\/wp-json\/wp\/v2\/tags?post=6989"}],"curies":[{"name":"wp","href":"https:\/\/api.w.org\/{rel}","templated":true}]}}