{"id":6972,"date":"2026-03-27T14:34:05","date_gmt":"2026-03-27T17:34:05","guid":{"rendered":"https:\/\/rbcc.net.br\/wp\/zona-azul-estacionamento-rotativo-deve-voltar-a-florianopolis-entenda\/"},"modified":"2026-03-27T14:34:05","modified_gmt":"2026-03-27T17:34:05","slug":"zona-azul-estacionamento-rotativo-deve-voltar-a-florianopolis-entenda","status":"publish","type":"post","link":"https:\/\/rbcc.net.br\/wp\/zona-azul-estacionamento-rotativo-deve-voltar-a-florianopolis-entenda\/","title":{"rendered":"Zona Azul: estacionamento rotativo deve voltar \u00e0 Florian\u00f3polis; entenda"},"content":{"rendered":"<p><\/p>\n<div>\n<p>O estacionamento rotativo deve voltar \u00e0 Florian\u00f3polis ap\u00f3s meses interrompido. \u00c0 reportagem da\u00a0<strong>CBN Floripa<\/strong>, a Prefeitura de Florian\u00f3polis declarou que o processo licitat\u00f3rio est\u00e1 sendo elaborado e se aproxima da fase final.<\/p>\n<p>Os servi\u00e7os da Zona Azul foram interrompidos em janeiro de 2025. Na \u00e9poca, o Tribunal de Justi\u00e7a discordou do m\u00e9todo utilizado pela prefeitura para contratar empresas respons\u00e1veis pelo servi\u00e7o.<\/p>\n<p>Agora, pouco mais de um ano depois, a gest\u00e3o municipal confirmou que elabora um novo texto para o processo licitat\u00f3rio. O documento est\u00e1 na fase final e deve ser aberto em breve.<\/p>\n<p>(<a href=\"https:\/\/cbntotal.com.br\/cotidiano\/zona-azul-estacionamento-rotativo-deve-voltar-a-florianopolis-entenda\/\" target=\"_blank\" rel=\"noopener\">Confira a mat\u00e9ria completa em CBN Total<\/a>, 26\/03\/2026)<\/p>\n<hr style=\"border: none; height: 1px; background-color: #cecece; margin-bottom: 20px;\"\/>\n<p><span class=\"time\">Publicado em  27 mar\u00e7o de 2026<br \/>\n<\/span><\/p>\n<\/p><\/div>\n<p>fonte <a href=\"https:\/\/floripamanha.org\/2026\/03\/zona-azul-estacionamento-rotativo-deve-voltar-a-florianopolis-entenda\/\">https:\/\/floripamanha.org\/2026\/03\/zona-azul-estacionamento-rotativo-deve-voltar-a-florianopolis-entenda\/<\/a><\/p>\n","protected":false},"excerpt":{"rendered":"<p>O estacionamento rotativo deve voltar \u00e0 Florian\u00f3polis ap\u00f3s meses interrompido. \u00c0 reportagem da\u00a0CBN Floripa, a Prefeitura de Florian\u00f3polis declarou que o processo licitat\u00f3rio est\u00e1 sendo elaborado e se aproxima da fase final. Os servi\u00e7os da Zona Azul foram interrompidos em janeiro de 2025. Na \u00e9poca, o Tribunal de Justi\u00e7a discordou do m\u00e9todo utilizado pela prefeitura para contratar empresas respons\u00e1veis pelo servi\u00e7o. Agora, pouco mais de um ano depois, a gest\u00e3o municipal confirmou que elabora um novo texto para o processo licitat\u00f3rio. O documento est\u00e1 na fase final e deve ser aberto em breve. (Confira a mat\u00e9ria completa em CBN Total, 26\/03\/2026) Publicado em 27 mar\u00e7o de 2026 fonte https:\/\/floripamanha.org\/2026\/03\/zona-azul-estacionamento-rotativo-deve-voltar-a-florianopolis-entenda\/<\/p>\n","protected":false},"author":1,"featured_media":0,"comment_status":"","ping_status":"open","sticky":false,"template":"","format":"standard","meta":{"_joinchat":[],"footnotes":""},"categories":[8342],"tags":[],"class_list":["post-6972","post","type-post","status-publish","format-standard","hentry","category-not_economia_criativa"],"_links":{"self":[{"href":"https:\/\/rbcc.net.br\/wp\/wp-json\/wp\/v2\/posts\/6972","targetHints":{"allow":["GET"]}}],"collection":[{"href":"https:\/\/rbcc.net.br\/wp\/wp-json\/wp\/v2\/posts"}],"about":[{"href":"https:\/\/rbcc.net.br\/wp\/wp-json\/wp\/v2\/types\/post"}],"author":[{"embeddable":true,"href":"https:\/\/rbcc.net.br\/wp\/wp-json\/wp\/v2\/users\/1"}],"replies":[{"embeddable":true,"href":"https:\/\/rbcc.net.br\/wp\/wp-json\/wp\/v2\/comments?post=6972"}],"version-history":[{"count":0,"href":"https:\/\/rbcc.net.br\/wp\/wp-json\/wp\/v2\/posts\/6972\/revisions"}],"wp:attachment":[{"href":"https:\/\/rbcc.net.br\/wp\/wp-json\/wp\/v2\/media?parent=6972"}],"wp:term":[{"taxonomy":"category","embeddable":true,"href":"https:\/\/rbcc.net.br\/wp\/wp-json\/wp\/v2\/categories?post=6972"},{"taxonomy":"post_tag","embeddable":true,"href":"https:\/\/rbcc.net.br\/wp\/wp-json\/wp\/v2\/tags?post=6972"}],"curies":[{"name":"wp","href":"https:\/\/api.w.org\/{rel}","templated":true}]}}