{"id":6936,"date":"2026-03-26T18:55:33","date_gmt":"2026-03-26T21:55:33","guid":{"rendered":"https:\/\/rbcc.net.br\/wp\/em-minas-gerais-ano-jk-celebra-legado-de-juscelino-kubitschek\/"},"modified":"2026-03-26T18:55:33","modified_gmt":"2026-03-26T21:55:33","slug":"em-minas-gerais-ano-jk-celebra-legado-de-juscelino-kubitschek","status":"publish","type":"post","link":"https:\/\/rbcc.net.br\/wp\/em-minas-gerais-ano-jk-celebra-legado-de-juscelino-kubitschek\/","title":{"rendered":"Em Minas Gerais, Ano JK celebra legado de Juscelino Kubitschek"},"content":{"rendered":"<p><\/p>\n<div>\n<p>A Secretaria de Estado de Cultura e Turismo de Minas Gerais e a Funda\u00e7\u00e3o Cl\u00f3vis Salgado divulgaram, nesta quarta-feira (25), a programa\u00e7\u00e3o do Ano JK, que celebra o legado de <strong>Juscelino Kubitschek, prefeito de Belo Horizonte entre 1940 e 1945, governador de Minas entre 1951 e 1955 e presidente da Rep\u00fablica entre 1956 e 1961<\/strong>. Conforme a secretaria, exposi\u00e7\u00f5es, mostras, filmes e document\u00e1rios fazem parte do programa.<\/p>\n<p>Segundo o <strong>presidente da Funda\u00e7\u00e3o Cl\u00f3vis Salgado, S\u00e9rgio Rodrigues<\/strong>, JK foi respons\u00e1vel direto pela constru\u00e7\u00e3o do Pal\u00e1cio das Artes e por valorizar a cultura de Minas:<\/p>\n<blockquote>\n<p>\u201cFoi JK que implantou aqui em Minas, e depois em Bras\u00edlia, esse paradigma do modernismo. At\u00e9 ent\u00e3o, a cultura nossa ficava muito t\u00edmida em rela\u00e7\u00e3o ao que estava acontecendo no mundo todo, e vem JK e prop\u00f5e essa revolu\u00e7\u00e3o que at\u00e9 hoje permanece. Lembrando desse homem e dessa personalidade, que deve inspirar tantos outros brasileiros, sobretudo neste ano em que a gente vai escolher os nossos representantes.\u201d<\/p>\n<\/blockquote>\n<p>Ainda segundo <strong>S\u00e9rgio Rodrigues<\/strong>, v\u00e1rios espa\u00e7os culturais do estado e de institui\u00e7\u00f5es parceiras participar\u00e3o das celebra\u00e7\u00f5es:<\/p>\n<blockquote>\n<p>\u201cTodas as artes v\u00e3o estar unidas aqui para celebrar o JK em mostras de filmes, que a gente vai trazer v\u00e1rios document\u00e1rios do JK, tamb\u00e9m exposi\u00e7\u00f5es, semin\u00e1rios, reflex\u00f5es. E a gente vai culminar numa grande festa, que \u00e9 a apresenta\u00e7\u00e3o da Chica da Silva, uma \u00f3pera in\u00e9dita. A programa\u00e7\u00e3o j\u00e1 come\u00e7a dia 28 agora, com o Pal\u00e1cio da Liberdade, com uma visita mediada lembrando o JK, e segue a\u00ed o ano inteiro.\u201d<\/p>\n<\/blockquote>\n<h3>Morte<\/h3>\n<p><strong>O ano JK marca os 50 anos da morte do ex-presidente<\/strong>, que faleceu em um acidente de carro na rodovia Presidente Dutra, a atual BR-116, em agosto de 1976. Ele tinha 73 anos.<\/p>\n<p>      <!-- Relacionada --><br \/>\n            <!-- Relacionada -->\n    <\/div>\n<p>Fonte: <a href=\"https:\/\/agenciabrasil.ebc.com.br\/radioagencia-nacional\/cultura\/audio\/2026-03\/em-minas-gerais-ano-jk-celebra-legado-de-juscelino-kubitschek\">https:\/\/agenciabrasil.ebc.com.br\/radioagencia-nacional\/cultura\/audio\/2026-03\/em-minas-gerais-ano-jk-celebra-legado-de-juscelino-kubitschek <\/a><\/p>\n","protected":false},"excerpt":{"rendered":"<p>A Secretaria de Estado de Cultura e Turismo de Minas Gerais e a Funda\u00e7\u00e3o Cl\u00f3vis Salgado divulgaram, nesta quarta-feira (25), a programa\u00e7\u00e3o do Ano JK, que celebra o legado de Juscelino Kubitschek, prefeito de Belo Horizonte entre 1940 e 1945, governador de Minas entre 1951 e 1955 e presidente da Rep\u00fablica entre 1956 e 1961. Conforme a secretaria, exposi\u00e7\u00f5es, mostras, filmes e document\u00e1rios fazem parte do programa. Segundo o presidente da Funda\u00e7\u00e3o Cl\u00f3vis Salgado, S\u00e9rgio Rodrigues, JK foi respons\u00e1vel direto pela constru\u00e7\u00e3o do Pal\u00e1cio das Artes e por valorizar a cultura de Minas: \u201cFoi JK que implantou aqui em Minas, e depois em Bras\u00edlia, esse paradigma do modernismo. At\u00e9 ent\u00e3o, a cultura nossa ficava muito t\u00edmida em rela\u00e7\u00e3o ao que estava acontecendo no mundo todo, e vem JK e prop\u00f5e essa revolu\u00e7\u00e3o que at\u00e9 hoje permanece. Lembrando desse homem e dessa personalidade, que deve inspirar tantos outros brasileiros, sobretudo neste ano em que a gente vai escolher os nossos representantes.\u201d Ainda segundo S\u00e9rgio Rodrigues, v\u00e1rios espa\u00e7os culturais do estado e de institui\u00e7\u00f5es parceiras participar\u00e3o das celebra\u00e7\u00f5es: \u201cTodas as artes v\u00e3o estar unidas aqui para celebrar o JK em mostras de filmes, que a gente vai trazer v\u00e1rios document\u00e1rios do JK, tamb\u00e9m exposi\u00e7\u00f5es, semin\u00e1rios, reflex\u00f5es. E a gente vai culminar numa grande festa, que \u00e9 a apresenta\u00e7\u00e3o da Chica da Silva, uma \u00f3pera in\u00e9dita. A programa\u00e7\u00e3o j\u00e1 come\u00e7a dia 28 agora, com o Pal\u00e1cio da Liberdade, com uma visita mediada lembrando o JK, e segue a\u00ed o ano inteiro.\u201d Morte O ano JK marca os 50 anos da morte do ex-presidente, que faleceu em um acidente de carro na rodovia Presidente Dutra, a atual BR-116, em agosto de 1976. Ele tinha 73 anos. Fonte: https:\/\/agenciabrasil.ebc.com.br\/radioagencia-nacional\/cultura\/audio\/2026-03\/em-minas-gerais-ano-jk-celebra-legado-de-juscelino-kubitschek<\/p>\n","protected":false},"author":1,"featured_media":6937,"comment_status":"","ping_status":"open","sticky":false,"template":"","format":"standard","meta":{"_joinchat":[],"footnotes":""},"categories":[8342],"tags":[],"class_list":["post-6936","post","type-post","status-publish","format-standard","has-post-thumbnail","hentry","category-not_economia_criativa"],"_links":{"self":[{"href":"https:\/\/rbcc.net.br\/wp\/wp-json\/wp\/v2\/posts\/6936","targetHints":{"allow":["GET"]}}],"collection":[{"href":"https:\/\/rbcc.net.br\/wp\/wp-json\/wp\/v2\/posts"}],"about":[{"href":"https:\/\/rbcc.net.br\/wp\/wp-json\/wp\/v2\/types\/post"}],"author":[{"embeddable":true,"href":"https:\/\/rbcc.net.br\/wp\/wp-json\/wp\/v2\/users\/1"}],"replies":[{"embeddable":true,"href":"https:\/\/rbcc.net.br\/wp\/wp-json\/wp\/v2\/comments?post=6936"}],"version-history":[{"count":0,"href":"https:\/\/rbcc.net.br\/wp\/wp-json\/wp\/v2\/posts\/6936\/revisions"}],"wp:featuredmedia":[{"embeddable":true,"href":"https:\/\/rbcc.net.br\/wp\/wp-json\/wp\/v2\/media\/6937"}],"wp:attachment":[{"href":"https:\/\/rbcc.net.br\/wp\/wp-json\/wp\/v2\/media?parent=6936"}],"wp:term":[{"taxonomy":"category","embeddable":true,"href":"https:\/\/rbcc.net.br\/wp\/wp-json\/wp\/v2\/categories?post=6936"},{"taxonomy":"post_tag","embeddable":true,"href":"https:\/\/rbcc.net.br\/wp\/wp-json\/wp\/v2\/tags?post=6936"}],"curies":[{"name":"wp","href":"https:\/\/api.w.org\/{rel}","templated":true}]}}