{"id":6923,"date":"2026-03-26T11:39:21","date_gmt":"2026-03-26T14:39:21","guid":{"rendered":"https:\/\/rbcc.net.br\/wp\/campanha-seu-imposto-de-renda-pode-ajudar-vidas-e-lancada-em-florianopolis\/"},"modified":"2026-03-26T11:39:21","modified_gmt":"2026-03-26T14:39:21","slug":"campanha-seu-imposto-de-renda-pode-ajudar-vidas-e-lancada-em-florianopolis","status":"publish","type":"post","link":"https:\/\/rbcc.net.br\/wp\/campanha-seu-imposto-de-renda-pode-ajudar-vidas-e-lancada-em-florianopolis\/","title":{"rendered":"Campanha &#8216;Seu Imposto de Renda Pode Ajudar Vidas&#8217; \u00e9 lan\u00e7ada em Florian\u00f3polis"},"content":{"rendered":"<p><\/p>\n<div>\n<p>A FloripAmanh\u00e3 realiza um monitoramento de m\u00eddia para republica\u00e7\u00e3o de not\u00edcias relacionadas com o foco da Associa\u00e7\u00e3o. O chamado &#8220;Radar da Cidade&#8221; veicula not\u00edcias selecionadas para promover o debate e o conhecimento sobre temas como planejamento urbano, meio ambiente, economia criativa, entre outros assuntos relevantes de Florian\u00f3polis. As not\u00edcias veiculadas nesta se\u00e7\u00e3o n\u00e3o necessariamente refletem a posi\u00e7\u00e3o da FloripAmanh\u00e3 e s\u00e3o de responsabilidade dos ve\u00edculos e assessorias de imprensa citados como fonte.<\/p>\n<\/p><\/div>\n<p>fonte <a href=\"https:\/\/floripamanha.org\/2026\/03\/campanha-seu-imposto-de-renda-pode-ajudar-vidas-e-lancada-em-florianopolis\/\">https:\/\/floripamanha.org\/2026\/03\/campanha-seu-imposto-de-renda-pode-ajudar-vidas-e-lancada-em-florianopolis\/<\/a><\/p>\n","protected":false},"excerpt":{"rendered":"<p>A FloripAmanh\u00e3 realiza um monitoramento de m\u00eddia para republica\u00e7\u00e3o de not\u00edcias relacionadas com o foco da Associa\u00e7\u00e3o. O chamado &#8220;Radar da Cidade&#8221; veicula not\u00edcias selecionadas para promover o debate e o conhecimento sobre temas como planejamento urbano, meio ambiente, economia criativa, entre outros assuntos relevantes de Florian\u00f3polis. As not\u00edcias veiculadas nesta se\u00e7\u00e3o n\u00e3o necessariamente refletem a posi\u00e7\u00e3o da FloripAmanh\u00e3 e s\u00e3o de responsabilidade dos ve\u00edculos e assessorias de imprensa citados como fonte. fonte https:\/\/floripamanha.org\/2026\/03\/campanha-seu-imposto-de-renda-pode-ajudar-vidas-e-lancada-em-florianopolis\/<\/p>\n","protected":false},"author":1,"featured_media":0,"comment_status":"","ping_status":"open","sticky":false,"template":"","format":"standard","meta":{"_joinchat":[],"footnotes":""},"categories":[8342],"tags":[],"class_list":["post-6923","post","type-post","status-publish","format-standard","hentry","category-not_economia_criativa"],"_links":{"self":[{"href":"https:\/\/rbcc.net.br\/wp\/wp-json\/wp\/v2\/posts\/6923","targetHints":{"allow":["GET"]}}],"collection":[{"href":"https:\/\/rbcc.net.br\/wp\/wp-json\/wp\/v2\/posts"}],"about":[{"href":"https:\/\/rbcc.net.br\/wp\/wp-json\/wp\/v2\/types\/post"}],"author":[{"embeddable":true,"href":"https:\/\/rbcc.net.br\/wp\/wp-json\/wp\/v2\/users\/1"}],"replies":[{"embeddable":true,"href":"https:\/\/rbcc.net.br\/wp\/wp-json\/wp\/v2\/comments?post=6923"}],"version-history":[{"count":0,"href":"https:\/\/rbcc.net.br\/wp\/wp-json\/wp\/v2\/posts\/6923\/revisions"}],"wp:attachment":[{"href":"https:\/\/rbcc.net.br\/wp\/wp-json\/wp\/v2\/media?parent=6923"}],"wp:term":[{"taxonomy":"category","embeddable":true,"href":"https:\/\/rbcc.net.br\/wp\/wp-json\/wp\/v2\/categories?post=6923"},{"taxonomy":"post_tag","embeddable":true,"href":"https:\/\/rbcc.net.br\/wp\/wp-json\/wp\/v2\/tags?post=6923"}],"curies":[{"name":"wp","href":"https:\/\/api.w.org\/{rel}","templated":true}]}}