{"id":6878,"date":"2026-03-25T08:21:37","date_gmt":"2026-03-25T11:21:37","guid":{"rendered":"https:\/\/rbcc.net.br\/wp\/salvador-comemora-477-anos-com-programacao-que-celebra-memoria-e-arte\/"},"modified":"2026-03-25T08:21:37","modified_gmt":"2026-03-25T11:21:37","slug":"salvador-comemora-477-anos-com-programacao-que-celebra-memoria-e-arte","status":"publish","type":"post","link":"https:\/\/rbcc.net.br\/wp\/salvador-comemora-477-anos-com-programacao-que-celebra-memoria-e-arte\/","title":{"rendered":"Salvador comemora 477 anos com programa\u00e7\u00e3o que celebra mem\u00f3ria e arte"},"content":{"rendered":"<p><\/p>\n<div>\n<p><strong>Em celebra\u00e7\u00e3o aos 477 anos de Salvador, comemorados no pr\u00f3ximo dia 29 de mar\u00e7o<\/strong>, a capital baiana ganhou um presente que mergulha em suas pr\u00f3prias ra\u00edzes. Durante todo o m\u00eas, a <strong>Casa das Hist\u00f3rias de Salvador e a Galeria Mercado <\/strong>promovem uma agenda especial dedicada a explorar a mem\u00f3ria, a arte e a identidade do territ\u00f3rio soteropolitano. As atividades foram divididas em eixos que buscam dialogar com diferentes perfis de p\u00fablico.<\/p>\n<p>Os espa\u00e7os culturais v\u00e3o oferecer atividades que v\u00e3o al\u00e9m da contempla\u00e7\u00e3o, convidando os visitantes \u00e0 experimenta\u00e7\u00e3o pr\u00e1tica, como destaca Chico Assis, diretor de Cidadania Cultural da Secretaria de Cultura da Cidade.\u00a0<\/p>\n<blockquote>\n<p>\u201cNos dias 25 e 29 a Casa das Hist\u00f3rias vai estar recebendo a ativa\u00e7\u00e3o \u2018Educar com a mem\u00f3ria\u2019, uma interven\u00e7\u00e3o visual com imagens do arquivo municipal. Dia 25 a gente vai ter uma programa\u00e7\u00e3o super especial com a leitura dram\u00e1tica da pe\u00e7a \u2018Aleluia\u2019, com o ator Frank Menezes. A gente celebra tamb\u00e9m, com isso, o Dia do Teatro e do Circo, que tamb\u00e9m \u00e9 comemorado dentro do m\u00eas de mar\u00e7o. E um rolezinho, a hist\u00f3ria passa por aqui, no dia 28 vai ser um passeio guiado pelo com\u00e9rcio, com a historiadora Marcelle Moreira, propondo um mergulho sobre as hist\u00f3rias e as transforma\u00e7\u00f5es nesse territ\u00f3rio que \u00e9 t\u00e3o importante\u201d.<\/p>\n<\/blockquote>\n<p>A programa\u00e7\u00e3o educativa em celebra\u00e7\u00e3o aos 477 anos de Salvador acontece <strong>desta quarta (25) a domingo (29) <\/strong>na Casa das Hist\u00f3rias de Salvador e Galeria Mercado, localizadas no com\u00e9rcio, de <strong>9h \u00e0s 17h. As atividades s\u00e3o gratuitas.<\/strong><br \/>\u00a0<\/p>\n<p>      <!-- Relacionada --><br \/>\n            <!-- Relacionada -->\n    <\/div>\n<p>Fonte: <a href=\"https:\/\/agenciabrasil.ebc.com.br\/radioagencia-nacional\/cultura\/audio\/2026-03\/salvador-comemora-477-anos-com-programacao-que-celebra-memoria-e-arte\">https:\/\/agenciabrasil.ebc.com.br\/radioagencia-nacional\/cultura\/audio\/2026-03\/salvador-comemora-477-anos-com-programacao-que-celebra-memoria-e-arte <\/a><\/p>\n","protected":false},"excerpt":{"rendered":"<p>Em celebra\u00e7\u00e3o aos 477 anos de Salvador, comemorados no pr\u00f3ximo dia 29 de mar\u00e7o, a capital baiana ganhou um presente que mergulha em suas pr\u00f3prias ra\u00edzes. Durante todo o m\u00eas, a Casa das Hist\u00f3rias de Salvador e a Galeria Mercado promovem uma agenda especial dedicada a explorar a mem\u00f3ria, a arte e a identidade do territ\u00f3rio soteropolitano. As atividades foram divididas em eixos que buscam dialogar com diferentes perfis de p\u00fablico. Os espa\u00e7os culturais v\u00e3o oferecer atividades que v\u00e3o al\u00e9m da contempla\u00e7\u00e3o, convidando os visitantes \u00e0 experimenta\u00e7\u00e3o pr\u00e1tica, como destaca Chico Assis, diretor de Cidadania Cultural da Secretaria de Cultura da Cidade.\u00a0 \u201cNos dias 25 e 29 a Casa das Hist\u00f3rias vai estar recebendo a ativa\u00e7\u00e3o \u2018Educar com a mem\u00f3ria\u2019, uma interven\u00e7\u00e3o visual com imagens do arquivo municipal. Dia 25 a gente vai ter uma programa\u00e7\u00e3o super especial com a leitura dram\u00e1tica da pe\u00e7a \u2018Aleluia\u2019, com o ator Frank Menezes. A gente celebra tamb\u00e9m, com isso, o Dia do Teatro e do Circo, que tamb\u00e9m \u00e9 comemorado dentro do m\u00eas de mar\u00e7o. E um rolezinho, a hist\u00f3ria passa por aqui, no dia 28 vai ser um passeio guiado pelo com\u00e9rcio, com a historiadora Marcelle Moreira, propondo um mergulho sobre as hist\u00f3rias e as transforma\u00e7\u00f5es nesse territ\u00f3rio que \u00e9 t\u00e3o importante\u201d. A programa\u00e7\u00e3o educativa em celebra\u00e7\u00e3o aos 477 anos de Salvador acontece desta quarta (25) a domingo (29) na Casa das Hist\u00f3rias de Salvador e Galeria Mercado, localizadas no com\u00e9rcio, de 9h \u00e0s 17h. As atividades s\u00e3o gratuitas.\u00a0 Fonte: https:\/\/agenciabrasil.ebc.com.br\/radioagencia-nacional\/cultura\/audio\/2026-03\/salvador-comemora-477-anos-com-programacao-que-celebra-memoria-e-arte<\/p>\n","protected":false},"author":1,"featured_media":6879,"comment_status":"","ping_status":"open","sticky":false,"template":"","format":"standard","meta":{"_joinchat":[],"footnotes":""},"categories":[8342],"tags":[],"class_list":["post-6878","post","type-post","status-publish","format-standard","has-post-thumbnail","hentry","category-not_economia_criativa"],"_links":{"self":[{"href":"https:\/\/rbcc.net.br\/wp\/wp-json\/wp\/v2\/posts\/6878","targetHints":{"allow":["GET"]}}],"collection":[{"href":"https:\/\/rbcc.net.br\/wp\/wp-json\/wp\/v2\/posts"}],"about":[{"href":"https:\/\/rbcc.net.br\/wp\/wp-json\/wp\/v2\/types\/post"}],"author":[{"embeddable":true,"href":"https:\/\/rbcc.net.br\/wp\/wp-json\/wp\/v2\/users\/1"}],"replies":[{"embeddable":true,"href":"https:\/\/rbcc.net.br\/wp\/wp-json\/wp\/v2\/comments?post=6878"}],"version-history":[{"count":0,"href":"https:\/\/rbcc.net.br\/wp\/wp-json\/wp\/v2\/posts\/6878\/revisions"}],"wp:featuredmedia":[{"embeddable":true,"href":"https:\/\/rbcc.net.br\/wp\/wp-json\/wp\/v2\/media\/6879"}],"wp:attachment":[{"href":"https:\/\/rbcc.net.br\/wp\/wp-json\/wp\/v2\/media?parent=6878"}],"wp:term":[{"taxonomy":"category","embeddable":true,"href":"https:\/\/rbcc.net.br\/wp\/wp-json\/wp\/v2\/categories?post=6878"},{"taxonomy":"post_tag","embeddable":true,"href":"https:\/\/rbcc.net.br\/wp\/wp-json\/wp\/v2\/tags?post=6878"}],"curies":[{"name":"wp","href":"https:\/\/api.w.org\/{rel}","templated":true}]}}